{"id":10022,"date":"2017-09-22T09:26:35","date_gmt":"2017-09-22T07:26:35","guid":{"rendered":"http:\/\/tus-jahn-hilfarth.de\/?p=10022"},"modified":"2017-09-22T09:26:35","modified_gmt":"2017-09-22T07:26:35","slug":"neue-trikots-von-getraenke-kaiser","status":"publish","type":"post","link":"http:\/\/archiv.tus-jahn-hilfarth.de\/index.php\/neue-trikots-von-getraenke-kaiser\/","title":{"rendered":"Neue Trikots von Getr\u00e4nke Kaiser"},"content":{"rendered":"<p>Unsere B-Juniorinnen konnten sich kurz nach Saisonbeginn \u00fcber einen neuen Trikotsatz freuen. Erm\u00f6glicht hat die neue Ausstattung der <a href=\"http:\/\/getraenke-kaiser.de\" target=\"_blank\" rel=\"noopener\">Getr\u00e4nke Heim- und Partyservice Dirk Kaiser<\/a>.<\/p>\n<p>Den ersten Einsatz finden die Trikots am Samstag, 23. September, beim Kreispokalspiel gegen den SV Schwanenberg. Das Spiel beginnt um 12:45 Uhr und wird in Frelenberg ausgetragen.<\/p>\n<p>Vorab bedankten sich die M\u00e4dels um die beiden Trainer Markus Sodekamp und Holger Herling bereits bei Dirk Kaiser f\u00fcr die Unterst\u00fctzung.<\/p>\n","protected":false},"excerpt":{"rendered":"<p>Unsere B-Juniorinnen konnten sich kurz nach Saisonbeginn \u00fcber einen neuen Trikotsatz freuen. Erm\u00f6glicht hat die neue Ausstattung der Getr\u00e4nke Heim- und Partyservice Dirk Kaiser. Den ersten Einsatz finden die Trikots am Samstag, 23. September, beim Kreispokalspiel gegen den SV Schwanenberg. Das Spiel beginnt um 12:45 Uhr und wird in Frelenberg ausgetragen. Vorab bedankten sich die [&hellip;]<\/p>\n","protected":false},"author":1,"featured_media":10023,"comment_status":"closed","ping_status":"closed","sticky":false,"template":"","format":"standard","meta":[],"categories":[182,13,60],"tags":[],"wps_subtitle":"B-Juniorinnen","_links":{"self":[{"href":"http:\/\/archiv.tus-jahn-hilfarth.de\/index.php\/wp-json\/wp\/v2\/posts\/10022"}],"collection":[{"href":"http:\/\/archiv.tus-jahn-hilfarth.de\/index.php\/wp-json\/wp\/v2\/posts"}],"about":[{"href":"http:\/\/archiv.tus-jahn-hilfarth.de\/index.php\/wp-json\/wp\/v2\/types\/post"}],"author":[{"embeddable":true,"href":"http:\/\/archiv.tus-jahn-hilfarth.de\/index.php\/wp-json\/wp\/v2\/users\/1"}],"replies":[{"embeddable":true,"href":"http:\/\/archiv.tus-jahn-hilfarth.de\/index.php\/wp-json\/wp\/v2\/comments?post=10022"}],"version-history":[{"count":1,"href":"http:\/\/archiv.tus-jahn-hilfarth.de\/index.php\/wp-json\/wp\/v2\/posts\/10022\/revisions"}],"predecessor-version":[{"id":10024,"href":"http:\/\/archiv.tus-jahn-hilfarth.de\/index.php\/wp-json\/wp\/v2\/posts\/10022\/revisions\/10024"}],"wp:featuredmedia":[{"embeddable":true,"href":"http:\/\/archiv.tus-jahn-hilfarth.de\/index.php\/wp-json\/wp\/v2\/media\/10023"}],"wp:attachment":[{"href":"http:\/\/archiv.tus-jahn-hilfarth.de\/index.php\/wp-json\/wp\/v2\/media?parent=10022"}],"wp:term":[{"taxonomy":"category","embeddable":true,"href":"http:\/\/archiv.tus-jahn-hilfarth.de\/index.php\/wp-json\/wp\/v2\/categories?post=10022"},{"taxonomy":"post_tag","embeddable":true,"href":"http:\/\/archiv.tus-jahn-hilfarth.de\/index.php\/wp-json\/wp\/v2\/tags?post=10022"}],"curies":[{"name":"wp","href":"https:\/\/api.w.org\/{rel}","templated":true}]}}