{"id":10087,"date":"2017-10-12T09:59:30","date_gmt":"2017-10-12T07:59:30","guid":{"rendered":"http:\/\/tus-jahn-hilfarth.de\/?p=10087"},"modified":"2017-10-14T12:25:10","modified_gmt":"2017-10-14T10:25:10","slug":"tus-gratuliert-fredi-mommertz","status":"publish","type":"post","link":"http:\/\/archiv.tus-jahn-hilfarth.de\/index.php\/tus-gratuliert-fredi-mommertz\/","title":{"rendered":"TuS gratuliert Fredi Mommertz"},"content":{"rendered":"<p>Der TuS Jahn Hilfarth gratuliert Britta und Fredi Mommertz zur Geburt ihrer Tochter Ella. Sie kam am Morgen des 28. September mit einem Gewicht von 3275 Gramm und einer Gr\u00f6\u00dfe von 52 Zentimetern zur Welt.<\/p>\n<p>Wir w\u00fcnschen der Familie alles Gute und freuen uns darauf, Ella aufwachsen zu sehen.<\/p>\n<p>Fredi Mommertz ist langj\u00e4hriger Spieler des TuS Jahn Hilfarth. Nachdem er zun\u00e4chst Trainer der 2. Mannschaft war, ist er seit dieser Saison Co-Trainer der 1. Mannschaft.<\/p>\n","protected":false},"excerpt":{"rendered":"<p>Der TuS Jahn Hilfarth gratuliert Britta und Fredi Mommertz zur Geburt ihrer Tochter Ella. Sie kam am Morgen des 28. September mit einem Gewicht von 3275 Gramm und einer Gr\u00f6\u00dfe von 52 Zentimetern zur Welt. Wir w\u00fcnschen der Familie alles Gute und freuen uns darauf, Ella aufwachsen zu sehen. Fredi Mommertz ist langj\u00e4hriger Spieler des [&hellip;]<\/p>\n","protected":false},"author":1,"featured_media":10097,"comment_status":"closed","ping_status":"closed","sticky":false,"template":"","format":"standard","meta":[],"categories":[60,58],"tags":[],"wps_subtitle":"Geburt von Ella","_links":{"self":[{"href":"http:\/\/archiv.tus-jahn-hilfarth.de\/index.php\/wp-json\/wp\/v2\/posts\/10087"}],"collection":[{"href":"http:\/\/archiv.tus-jahn-hilfarth.de\/index.php\/wp-json\/wp\/v2\/posts"}],"about":[{"href":"http:\/\/archiv.tus-jahn-hilfarth.de\/index.php\/wp-json\/wp\/v2\/types\/post"}],"author":[{"embeddable":true,"href":"http:\/\/archiv.tus-jahn-hilfarth.de\/index.php\/wp-json\/wp\/v2\/users\/1"}],"replies":[{"embeddable":true,"href":"http:\/\/archiv.tus-jahn-hilfarth.de\/index.php\/wp-json\/wp\/v2\/comments?post=10087"}],"version-history":[{"count":1,"href":"http:\/\/archiv.tus-jahn-hilfarth.de\/index.php\/wp-json\/wp\/v2\/posts\/10087\/revisions"}],"predecessor-version":[{"id":10088,"href":"http:\/\/archiv.tus-jahn-hilfarth.de\/index.php\/wp-json\/wp\/v2\/posts\/10087\/revisions\/10088"}],"wp:featuredmedia":[{"embeddable":true,"href":"http:\/\/archiv.tus-jahn-hilfarth.de\/index.php\/wp-json\/wp\/v2\/media\/10097"}],"wp:attachment":[{"href":"http:\/\/archiv.tus-jahn-hilfarth.de\/index.php\/wp-json\/wp\/v2\/media?parent=10087"}],"wp:term":[{"taxonomy":"category","embeddable":true,"href":"http:\/\/archiv.tus-jahn-hilfarth.de\/index.php\/wp-json\/wp\/v2\/categories?post=10087"},{"taxonomy":"post_tag","embeddable":true,"href":"http:\/\/archiv.tus-jahn-hilfarth.de\/index.php\/wp-json\/wp\/v2\/tags?post=10087"}],"curies":[{"name":"wp","href":"https:\/\/api.w.org\/{rel}","templated":true}]}}