{"id":10089,"date":"2017-10-12T23:51:46","date_gmt":"2017-10-12T21:51:46","guid":{"rendered":"http:\/\/tus-jahn-hilfarth.de\/?p=10089"},"modified":"2017-10-13T10:48:25","modified_gmt":"2017-10-13T08:48:25","slug":"dank-an-alle-helfer-des-wepstrom-laufes","status":"publish","type":"post","link":"http:\/\/archiv.tus-jahn-hilfarth.de\/index.php\/dank-an-alle-helfer-des-wepstrom-laufes\/","title":{"rendered":"Dank an alle Helfer des wepStrom-Laufes"},"content":{"rendered":"<p>E<span style=\"color: #000000; font-family: Calibri;\">in bisschen sp\u00e4t, aber trotzdem von Herzen, m\u00f6chten wir Euch allen im Namen der Leichtathletik-Abteilung des TuS Jahn Hilfarth und dem Orga-Team noch einen herzlichen Dank aussprechen.<\/span><\/p>\n<p><span style=\"color: #000000; font-family: Calibri;\">Ihr alle habt wieder Ausdauer, Einsatzbereitschaft, gute Nerven und viel Energie gezeigt, um diese Mammut-Veranstaltung ans Fliegen und umgesetzt zu bekommen.<\/span><\/p>\n<p><span style=\"color: #000000; font-family: Calibri;\">In den verschiedensten Disziplinen: Vorbereitungen, B\u00fcro, sportliche Abwicklung, Sicherung der Strecke, Cafeteria, Auf- und Abbau, Nachbereitung und Repr\u00e4sentation vor und auf der B\u00fchne habt Ihr alle die Veranstaltung zum Erfolg gef\u00fchrt.<\/span><\/p>\n<p style=\"text-align: center;\"><span style=\"color: #000000; font-family: Calibri;\">Danke daf\u00fcr!<\/span><\/p>\n<p><span style=\"color: #000000; font-family: Calibri;\">Hinsichtlich Streckensicherung mussten viele unserer freiwillig ehrenamtlichen Helfer dieses Jahr einiges ertragen. Zwar offensichtlich nach au\u00dfen der Doppelbelastung in der Innenstadt geschuldet, trotzdem darf man sich nicht davor verschlie\u00dfen, dass der Ton auf der Stra\u00dfe rauer wird und man leider auch unter entspannterer Atmosph\u00e4re mittlerweile mit dem Schlimmsten rechnen muss. Darauf werden wir in der Zukunft reagieren m\u00fcssen.<\/span><\/p>\n<p><span style=\"color: #000000; font-family: Calibri;\">Dar\u00fcber hinaus bitten wir Euch um Feedback. Was kann man anders oder besser machen? Was sollte man auf jeden Fall so ausbauen.<\/span><\/p>\n<p><span style=\"color: #000000; font-family: Calibri;\">Dazu laden wir Euch in schriftlicher Form oder \u00fcber eine Zusammenkunft bei Windelen ein.<\/span><\/p>\n<p style=\"text-align: center;\"><span style=\"color: #000000; font-family: Calibri;\">\u00a0<\/span><span style=\"color: #000000; font-family: Calibri;\">Treffpunkt: Gastst\u00e4tte Windelen in Hilfarth auf der Marienstra\u00dfe 73<br \/>\n<\/span><span style=\"color: #000000; font-family: Calibri;\">Montag, den 23.10.17 20 Uhr<\/span><\/p>\n<p><span style=\"color: #000000; font-family: Calibri;\">Bitte gebt kurz R\u00fcckmeldung, wer kommt oder nicht.<\/span><\/p>\n<p><span style=\"color: #000000; font-family: Calibri;\">Rolf &amp; Steffi\u00a0<\/span><\/p>\n","protected":false},"excerpt":{"rendered":"<p>Ein bisschen sp\u00e4t, aber trotzdem von Herzen, m\u00f6chten wir Euch allen im Namen der Leichtathletik-Abteilung des TuS Jahn Hilfarth und dem Orga-Team noch einen herzlichen Dank aussprechen. Ihr alle habt wieder Ausdauer, Einsatzbereitschaft, gute Nerven und viel Energie gezeigt, um diese Mammut-Veranstaltung ans Fliegen und umgesetzt zu bekommen. In den verschiedensten Disziplinen: Vorbereitungen, B\u00fcro, sportliche [&hellip;]<\/p>\n","protected":false},"author":6,"featured_media":10096,"comment_status":"closed","ping_status":"closed","sticky":false,"template":"","format":"standard","meta":[],"categories":[39],"tags":[],"wps_subtitle":"","_links":{"self":[{"href":"http:\/\/archiv.tus-jahn-hilfarth.de\/index.php\/wp-json\/wp\/v2\/posts\/10089"}],"collection":[{"href":"http:\/\/archiv.tus-jahn-hilfarth.de\/index.php\/wp-json\/wp\/v2\/posts"}],"about":[{"href":"http:\/\/archiv.tus-jahn-hilfarth.de\/index.php\/wp-json\/wp\/v2\/types\/post"}],"author":[{"embeddable":true,"href":"http:\/\/archiv.tus-jahn-hilfarth.de\/index.php\/wp-json\/wp\/v2\/users\/6"}],"replies":[{"embeddable":true,"href":"http:\/\/archiv.tus-jahn-hilfarth.de\/index.php\/wp-json\/wp\/v2\/comments?post=10089"}],"version-history":[{"count":2,"href":"http:\/\/archiv.tus-jahn-hilfarth.de\/index.php\/wp-json\/wp\/v2\/posts\/10089\/revisions"}],"predecessor-version":[{"id":10091,"href":"http:\/\/archiv.tus-jahn-hilfarth.de\/index.php\/wp-json\/wp\/v2\/posts\/10089\/revisions\/10091"}],"wp:featuredmedia":[{"embeddable":true,"href":"http:\/\/archiv.tus-jahn-hilfarth.de\/index.php\/wp-json\/wp\/v2\/media\/10096"}],"wp:attachment":[{"href":"http:\/\/archiv.tus-jahn-hilfarth.de\/index.php\/wp-json\/wp\/v2\/media?parent=10089"}],"wp:term":[{"taxonomy":"category","embeddable":true,"href":"http:\/\/archiv.tus-jahn-hilfarth.de\/index.php\/wp-json\/wp\/v2\/categories?post=10089"},{"taxonomy":"post_tag","embeddable":true,"href":"http:\/\/archiv.tus-jahn-hilfarth.de\/index.php\/wp-json\/wp\/v2\/tags?post=10089"}],"curies":[{"name":"wp","href":"https:\/\/api.w.org\/{rel}","templated":true}]}}