{"id":11137,"date":"2018-06-29T11:26:15","date_gmt":"2018-06-29T09:26:15","guid":{"rendered":"http:\/\/tus-jahn-hilfarth.de\/?p=11137"},"modified":"2018-06-30T19:59:25","modified_gmt":"2018-06-30T17:59:25","slug":"simone-bei-der-deutschen-meisterschaft","status":"publish","type":"post","link":"http:\/\/archiv.tus-jahn-hilfarth.de\/index.php\/simone-bei-der-deutschen-meisterschaft\/","title":{"rendered":"Simone bei der Deutschen Meisterschaft"},"content":{"rendered":"<p>Am Wochenende findet im Grenzlandstadion in M\u00f6nchengladbach die Deutsche Meisterschaft der Senioren statt. Ein Event, wo die Besten der Besten aus ganz Deutschland zusammen kommen. Und&#8230;&#8230;auch diese Veranstaltung findet mit TuS Jahn Beteiligung statt.<\/p>\n<p>Nachdem Simone in Aachen die Norm zur &#8220;Deutschen&#8221; mit 26 m \u00fcbertroffen hatte, wird sie am Samstag ihr Ticket einl\u00f6sen und vielleicht dort ihre Bestweite von \u00fcber 29 m noch einmal &#8220;knacken&#8221;? Man wei\u00df es nicht. Aber definitiv wird sie dieses besondere Ereignis feiern und genie\u00dfen.<\/p>\n<p>Wir w\u00fcnschen Dir am Samstag auf diesem Wege viel Erfolg und dr\u00fccken dir ganz feste die Daumen.<\/p>\n","protected":false},"excerpt":{"rendered":"<p>Am Wochenende findet im Grenzlandstadion in M\u00f6nchengladbach die Deutsche Meisterschaft der Senioren statt. Ein Event, wo die Besten der Besten aus ganz Deutschland zusammen kommen. Und&#8230;&#8230;auch diese Veranstaltung findet mit TuS Jahn Beteiligung statt. Nachdem Simone in Aachen die Norm zur &#8220;Deutschen&#8221; mit 26 m \u00fcbertroffen hatte, wird sie am Samstag ihr Ticket einl\u00f6sen und [&hellip;]<\/p>\n","protected":false},"author":6,"featured_media":11141,"comment_status":"closed","ping_status":"closed","sticky":false,"template":"","format":"standard","meta":[],"categories":[39],"tags":[],"wps_subtitle":"","_links":{"self":[{"href":"http:\/\/archiv.tus-jahn-hilfarth.de\/index.php\/wp-json\/wp\/v2\/posts\/11137"}],"collection":[{"href":"http:\/\/archiv.tus-jahn-hilfarth.de\/index.php\/wp-json\/wp\/v2\/posts"}],"about":[{"href":"http:\/\/archiv.tus-jahn-hilfarth.de\/index.php\/wp-json\/wp\/v2\/types\/post"}],"author":[{"embeddable":true,"href":"http:\/\/archiv.tus-jahn-hilfarth.de\/index.php\/wp-json\/wp\/v2\/users\/6"}],"replies":[{"embeddable":true,"href":"http:\/\/archiv.tus-jahn-hilfarth.de\/index.php\/wp-json\/wp\/v2\/comments?post=11137"}],"version-history":[{"count":3,"href":"http:\/\/archiv.tus-jahn-hilfarth.de\/index.php\/wp-json\/wp\/v2\/posts\/11137\/revisions"}],"predecessor-version":[{"id":11142,"href":"http:\/\/archiv.tus-jahn-hilfarth.de\/index.php\/wp-json\/wp\/v2\/posts\/11137\/revisions\/11142"}],"wp:featuredmedia":[{"embeddable":true,"href":"http:\/\/archiv.tus-jahn-hilfarth.de\/index.php\/wp-json\/wp\/v2\/media\/11141"}],"wp:attachment":[{"href":"http:\/\/archiv.tus-jahn-hilfarth.de\/index.php\/wp-json\/wp\/v2\/media?parent=11137"}],"wp:term":[{"taxonomy":"category","embeddable":true,"href":"http:\/\/archiv.tus-jahn-hilfarth.de\/index.php\/wp-json\/wp\/v2\/categories?post=11137"},{"taxonomy":"post_tag","embeddable":true,"href":"http:\/\/archiv.tus-jahn-hilfarth.de\/index.php\/wp-json\/wp\/v2\/tags?post=11137"}],"curies":[{"name":"wp","href":"https:\/\/api.w.org\/{rel}","templated":true}]}}