{"id":11311,"date":"2018-09-15T02:47:03","date_gmt":"2018-09-15T00:47:03","guid":{"rendered":"http:\/\/tus-jahn-hilfarth.de\/?p=11311"},"modified":"2018-09-27T12:35:57","modified_gmt":"2018-09-27T10:35:57","slug":"vorschau-nordrhein-team-endkampf-u16","status":"publish","type":"post","link":"http:\/\/archiv.tus-jahn-hilfarth.de\/index.php\/vorschau-nordrhein-team-endkampf-u16\/","title":{"rendered":"Vorschau: Nordrhein-Team-Endkampf U16"},"content":{"rendered":"<p>Am 16.9. starten unsere U16-M\u00e4dchen ins Landesfinale des Team-Wettbewerbs &#8211; wieder mal ein Novum: Noch nie war eine TuS-Jahn-Mannschaft dabei! Unsere elf M\u00e4dchen der Jahrg\u00e4nge 2003 bis 2005 gehen in Essen mit der zweitbesten Vorkampfleistung an den Start.<\/p>\n<p>2017 schrieb der Chronist im Vorbericht: &#8220;Vor einem Jahr erreichte erstmals eine Mannschaft unseres Vereins den U14-Team-Endkampf. Fast alle M\u00e4dchen geh\u00f6rten dem j\u00fcngeren Jahrgang an und schlugen sich pr\u00e4chtig.&#8221; Parallele zu 2016: Auch jetzt geh\u00f6ren neun von unseren elf Athletinnen den j\u00fcngeren Jahrg\u00e4ngen an. 2017 gelang mit Platz 4 ein Wahnsinnserfog. Unterschied: In der U14 erfolgte die Qualifikation \u00fcber die kreisbesten Vereine, jetzt ziehen die landesweit acht punktbesten U16-Mannschaften ins Finale ein. Die Einzelleistungen werden nach der Mehrkampftabelle in Punkte umgerechnet, und \u00fcber die Disziplinen 100m, 80m H\u00fcrden, 800m, 4x100m, Weit-, Hochsprung, Kugelsto\u00dfen, Speerwurf wird die Summe berechnet.<\/p>\n<p>Die beste Mannschaft der Vork\u00e4mpfe, die Startgemeinschaft (StG) Rhede-Sonsbeck, ist uneinholbar voraus: Sie hat zB die F\u00fcnfte der deutschen W15-Meisterschaften im Weitsprung und eine Staffel in ihren Reihen, die unter 50 Sek laufen kann. Davon sind wir weit entfernt. Auf Rang 3 liegt bislang ART D\u00fcsseldorf, knapp vor StG Rhein-Erft, die im Vorkampf in Aachen hinter uns lag.<\/p>\n<p>Wenn wir ehrlich sind: F\u00fcr den kleinsten der acht teilnehmenden Vereine w\u00e4re Platz 3 ein Riesenerfolg. Zwei unserer M\u00e4dels m\u00fcssen gleich am Anfang viermal nacheinander an den Start. Der Zeitplan sieht f\u00fcr bis zu 32 Hochspringerinnen (aus acht Vereinen jeweils bis zu vier Springerinnen) nur eine Stunde vor: Das wird nicht zu schaffen sein, bevor es an die H\u00fcrden geht, danach gleich der Weitsprung. Gro\u00dfvereine mit mehr Athletinnen, die nicht so oft zum Einsatz kommen, werden im Vorteil sein gegen\u00fcber kleinen Vereinen. Die Zeitpl\u00e4ne der gleichartigen westf\u00e4lischen und deutschen Meisterschaften sind athletenfreundlicher ausget\u00fcftelt!<\/p>\n<p>Trotzdem: Macht das Beste daraus, Ihr seid stark!<\/p>\n<p>&nbsp;<\/p>\n","protected":false},"excerpt":{"rendered":"<p>Am 16.9. starten unsere U16-M\u00e4dchen ins Landesfinale des Team-Wettbewerbs &#8211; wieder mal ein Novum: Noch nie war eine TuS-Jahn-Mannschaft dabei! Unsere elf M\u00e4dchen der Jahrg\u00e4nge 2003 bis 2005 gehen in Essen mit der zweitbesten Vorkampfleistung an den Start. 2017 schrieb der Chronist im Vorbericht: &#8220;Vor einem Jahr erreichte erstmals eine Mannschaft unseres Vereins den U14-Team-Endkampf. [&hellip;]<\/p>\n","protected":false},"author":8,"featured_media":11169,"comment_status":"closed","ping_status":"closed","sticky":false,"template":"","format":"standard","meta":[],"categories":[39],"tags":[],"wps_subtitle":"Daumen dr\u00fccken!","_links":{"self":[{"href":"http:\/\/archiv.tus-jahn-hilfarth.de\/index.php\/wp-json\/wp\/v2\/posts\/11311"}],"collection":[{"href":"http:\/\/archiv.tus-jahn-hilfarth.de\/index.php\/wp-json\/wp\/v2\/posts"}],"about":[{"href":"http:\/\/archiv.tus-jahn-hilfarth.de\/index.php\/wp-json\/wp\/v2\/types\/post"}],"author":[{"embeddable":true,"href":"http:\/\/archiv.tus-jahn-hilfarth.de\/index.php\/wp-json\/wp\/v2\/users\/8"}],"replies":[{"embeddable":true,"href":"http:\/\/archiv.tus-jahn-hilfarth.de\/index.php\/wp-json\/wp\/v2\/comments?post=11311"}],"version-history":[{"count":5,"href":"http:\/\/archiv.tus-jahn-hilfarth.de\/index.php\/wp-json\/wp\/v2\/posts\/11311\/revisions"}],"predecessor-version":[{"id":11316,"href":"http:\/\/archiv.tus-jahn-hilfarth.de\/index.php\/wp-json\/wp\/v2\/posts\/11311\/revisions\/11316"}],"wp:featuredmedia":[{"embeddable":true,"href":"http:\/\/archiv.tus-jahn-hilfarth.de\/index.php\/wp-json\/wp\/v2\/media\/11169"}],"wp:attachment":[{"href":"http:\/\/archiv.tus-jahn-hilfarth.de\/index.php\/wp-json\/wp\/v2\/media?parent=11311"}],"wp:term":[{"taxonomy":"category","embeddable":true,"href":"http:\/\/archiv.tus-jahn-hilfarth.de\/index.php\/wp-json\/wp\/v2\/categories?post=11311"},{"taxonomy":"post_tag","embeddable":true,"href":"http:\/\/archiv.tus-jahn-hilfarth.de\/index.php\/wp-json\/wp\/v2\/tags?post=11311"}],"curies":[{"name":"wp","href":"https:\/\/api.w.org\/{rel}","templated":true}]}}