{"id":11625,"date":"2018-12-15T02:42:50","date_gmt":"2018-12-15T00:42:50","guid":{"rendered":"http:\/\/tus-jahn-hilfarth.de\/?p=11625"},"modified":"2018-12-16T18:04:06","modified_gmt":"2018-12-16T16:04:06","slug":"leichtathleten-heute-weihnachtlich-aktiv","status":"publish","type":"post","link":"http:\/\/archiv.tus-jahn-hilfarth.de\/index.php\/leichtathleten-heute-weihnachtlich-aktiv\/","title":{"rendered":"Leichtathleten weihnachtlich aktiv"},"content":{"rendered":"<p>Jahresab<a href=\"http:\/\/tus-jahn-hilfarth.de\/index.php\/mini-bambinis-empfangen-den-nikolaus\/20181214180501_img_1911_1544832521704_resized\/\" rel=\"attachment wp-att-11618\"><img loading=\"lazy\" class=\"alignleft wp-image-11618 \" src=\"http:\/\/tus-jahn-hilfarth.de\/wp-content\/uploads\/2018\/12\/20181214180501_IMG_1911_1544832521704_resized-e1544834126751-300x140.jpg\" alt=\"\" width=\"416\" height=\"194\" srcset=\"http:\/\/archiv.tus-jahn-hilfarth.de\/wp-content\/uploads\/2018\/12\/20181214180501_IMG_1911_1544832521704_resized-e1544834126751-300x140.jpg 300w, http:\/\/archiv.tus-jahn-hilfarth.de\/wp-content\/uploads\/2018\/12\/20181214180501_IMG_1911_1544832521704_resized-e1544834126751-768x359.jpg 768w, http:\/\/archiv.tus-jahn-hilfarth.de\/wp-content\/uploads\/2018\/12\/20181214180501_IMG_1911_1544832521704_resized-e1544834126751-1024x479.jpg 1024w, http:\/\/archiv.tus-jahn-hilfarth.de\/wp-content\/uploads\/2018\/12\/20181214180501_IMG_1911_1544832521704_resized-e1544834126751.jpg 1108w\" sizes=\"(max-width: 416px) 100vw, 416px\" \/><\/a>schlussfeier einmal anders, war das Motto.<\/p>\n<p>Die Kinder und Jugendlichen hatten sich einen etwas anderen Jahresabschluss gew\u00fcnscht. So wurde in der Halle Callstra\u00dfe ein Parcours aufgebaut und Sportler, Eltern und Geschwister waren herzlich eingeladen, bei Einzel- und Mannschaftsspielen gegen- und miteinander anzutreten.<\/p>\n<p>Los ging es mit PacMan. Generations\u00fcbergreifend war dieses Spiel angelegt. W\u00e4hrend die Eltern das Spiel nur als Computerspiel kannten, wussten die Kids das Spiel in der Halle umzusetzen. Also mal umgekehrt.<\/p>\n<p>Gut aufgew\u00e4rmt ging es dann ans Eingemachte. Be<a href=\"http:\/\/tus-jahn-hilfarth.de\/index.php\/mini-bambinis-empfangen-den-nikolaus\/20181214183527_img_1929_1544832522362_resized\/\" rel=\"attachment wp-att-11619\"><img loading=\"lazy\" class=\"alignright wp-image-11619 \" src=\"http:\/\/tus-jahn-hilfarth.de\/wp-content\/uploads\/2018\/12\/20181214183527_IMG_1929_1544832522362_resized-e1544834327987-300x204.jpg\" alt=\"\" width=\"343\" height=\"233\" srcset=\"http:\/\/archiv.tus-jahn-hilfarth.de\/wp-content\/uploads\/2018\/12\/20181214183527_IMG_1929_1544832522362_resized-e1544834327987-300x204.jpg 300w, http:\/\/archiv.tus-jahn-hilfarth.de\/wp-content\/uploads\/2018\/12\/20181214183527_IMG_1929_1544832522362_resized-e1544834327987-768x523.jpg 768w, http:\/\/archiv.tus-jahn-hilfarth.de\/wp-content\/uploads\/2018\/12\/20181214183527_IMG_1929_1544832522362_resized-e1544834327987.jpg 856w\" sizes=\"(max-width: 343px) 100vw, 343px\" \/><\/a>i Brennball und V\u00f6lkerball ging es Mannschaftsweit um wichtige Punkte. Viele Eltern hatten ihre Hallenschuhe mitgebracht und da wurde sich nichts geschenkt.<\/p>\n<p>Auch der Zuschauerraum war gut gef\u00fcllt, so dass sich alle gut unterhalten haben.<\/p>\n<p>Zur St\u00e4rkung gab es das legend\u00e4re &#8220;ich-habe-da-mal-was-mitgebracht-Buffet&#8221;. Ein bunter Reigen von Fingerfood war in der oberen Etage aufgebaut mit verschiedensten Speisen, die die Familien dankenswerter Weise mitgebarcht hatten.<\/p>\n<p>Zwischen dem bunten Treiben gab es immer wieder Ehrungen f\u00fcr 41 Sportabzeichenabsolventen, mit 4 Familiensportabzeichen dabei.<\/p>\n<p>Danach ging es zu den Ehrungen der U12-Mannschaft, die beim landesweiteren Appenrodt-Pokal <a href=\"http:\/\/tus-jahn-hilfarth.de\/index.php\/mini-bambinis-empfangen-den-nikolaus\/20181214184816_img_1934_1544832522931_resized\/\" rel=\"attachment wp-att-11620\"><img loading=\"lazy\" class=\"wp-image-11620 alignleft\" src=\"http:\/\/tus-jahn-hilfarth.de\/wp-content\/uploads\/2018\/12\/20181214184816_IMG_1934_1544832522931_resized-300x169.jpg\" alt=\"\" width=\"397\" height=\"224\" srcset=\"http:\/\/archiv.tus-jahn-hilfarth.de\/wp-content\/uploads\/2018\/12\/20181214184816_IMG_1934_1544832522931_resized-300x169.jpg 300w, http:\/\/archiv.tus-jahn-hilfarth.de\/wp-content\/uploads\/2018\/12\/20181214184816_IMG_1934_1544832522931_resized-768x432.jpg 768w, http:\/\/archiv.tus-jahn-hilfarth.de\/wp-content\/uploads\/2018\/12\/20181214184816_IMG_1934_1544832522931_resized-1024x576.jpg 1024w, http:\/\/archiv.tus-jahn-hilfarth.de\/wp-content\/uploads\/2018\/12\/20181214184816_IMG_1934_1544832522931_resized.jpg 1440w\" sizes=\"(max-width: 397px) 100vw, 397px\" \/><\/a>6. geworden war.<\/p>\n<p>Auch die Gr\u00f6\u00dferen wurden f\u00fcr ihre Erfolge geehrt. Selbstverst\u00e4ndlich auch die U16er Mannschaft, die den zweiten Platz beim Landesfinale des Teamwettkampfes belegt hatte.<\/p>\n<p>F\u00fcr die sehr erfolgreichen Sportler wurden kleine Pr\u00e4sente durch die anwesenden Vorstandsmitglieder Olli, Mario &amp; Arndt \u00fcberreicht.<\/p>\n<p>F\u00fcr alle machte Mario dann seine Kiste auf und \u00fcberreichte allen jugendlichen Sportlern und Sportlerinnen gut w\u00e4rmende Schals.<\/p>\n<p>Zum Abschluss hatten die Eltern zusammengelegt und die Trainer bekammen stellvertretend durch die Horsten-Sisters von den Sportlern und Sportlerinnen ein Dankesch\u00f6n \u00fcberreicht.<\/p>\n<p>Verabschie<a href=\"http:\/\/tus-jahn-hilfarth.de\/index.php\/mini-bambinis-empfangen-den-nikolaus\/20181214185605_img_1941_1544832523510_resized\/\" rel=\"attachment wp-att-11621\"><img loading=\"lazy\" class=\"alignleft wp-image-11621 size-medium\" src=\"http:\/\/tus-jahn-hilfarth.de\/wp-content\/uploads\/2018\/12\/20181214185605_IMG_1941_1544832523510_resized-e1544834177170-300x217.jpg\" alt=\"\" width=\"300\" height=\"217\" srcset=\"http:\/\/archiv.tus-jahn-hilfarth.de\/wp-content\/uploads\/2018\/12\/20181214185605_IMG_1941_1544832523510_resized-e1544834177170-300x217.jpg 300w, http:\/\/archiv.tus-jahn-hilfarth.de\/wp-content\/uploads\/2018\/12\/20181214185605_IMG_1941_1544832523510_resized-e1544834177170-768x556.jpg 768w, http:\/\/archiv.tus-jahn-hilfarth.de\/wp-content\/uploads\/2018\/12\/20181214185605_IMG_1941_1544832523510_resized-e1544834177170-140x100.jpg 140w, http:\/\/archiv.tus-jahn-hilfarth.de\/wp-content\/uploads\/2018\/12\/20181214185605_IMG_1941_1544832523510_resized-e1544834177170.jpg 795w\" sizes=\"(max-width: 300px) 100vw, 300px\" \/><\/a>det wurde in diesem Rahmen auch Ingo, der lange Zeit die Kleineren mit trainiert hatte. Es gilt hier gro\u00dfen Dank f\u00fcr seinen engagierten Einsatz zu sagen.<\/p>\n<p>Begr\u00fc\u00dft wurde in dem Reigen der Trainer f\u00fcr die Kleinen Bruno Goidek, der sich bereit erkl\u00e4rt hat, die L\u00fccke der Betreuer wieder zu schlie\u00dfen.<\/p>\n<p>Ein gelungener Abend ging leider viel zu schnell zu Ende.<\/p>\n","protected":false},"excerpt":{"rendered":"<p>Jahresabschlussfeier einmal anders, war das Motto. Die Kinder und Jugendlichen hatten sich einen etwas anderen Jahresabschluss gew\u00fcnscht. So wurde in der Halle Callstra\u00dfe ein Parcours aufgebaut und Sportler, Eltern und Geschwister waren herzlich eingeladen, bei Einzel- und Mannschaftsspielen gegen- und miteinander anzutreten. Los ging es mit PacMan. Generations\u00fcbergreifend war dieses Spiel angelegt. W\u00e4hrend die Eltern [&hellip;]<\/p>\n","protected":false},"author":6,"featured_media":11617,"comment_status":"closed","ping_status":"closed","sticky":false,"template":"","format":"standard","meta":[],"categories":[39,60],"tags":[],"wps_subtitle":"","_links":{"self":[{"href":"http:\/\/archiv.tus-jahn-hilfarth.de\/index.php\/wp-json\/wp\/v2\/posts\/11625"}],"collection":[{"href":"http:\/\/archiv.tus-jahn-hilfarth.de\/index.php\/wp-json\/wp\/v2\/posts"}],"about":[{"href":"http:\/\/archiv.tus-jahn-hilfarth.de\/index.php\/wp-json\/wp\/v2\/types\/post"}],"author":[{"embeddable":true,"href":"http:\/\/archiv.tus-jahn-hilfarth.de\/index.php\/wp-json\/wp\/v2\/users\/6"}],"replies":[{"embeddable":true,"href":"http:\/\/archiv.tus-jahn-hilfarth.de\/index.php\/wp-json\/wp\/v2\/comments?post=11625"}],"version-history":[{"count":4,"href":"http:\/\/archiv.tus-jahn-hilfarth.de\/index.php\/wp-json\/wp\/v2\/posts\/11625\/revisions"}],"predecessor-version":[{"id":11629,"href":"http:\/\/archiv.tus-jahn-hilfarth.de\/index.php\/wp-json\/wp\/v2\/posts\/11625\/revisions\/11629"}],"wp:featuredmedia":[{"embeddable":true,"href":"http:\/\/archiv.tus-jahn-hilfarth.de\/index.php\/wp-json\/wp\/v2\/media\/11617"}],"wp:attachment":[{"href":"http:\/\/archiv.tus-jahn-hilfarth.de\/index.php\/wp-json\/wp\/v2\/media?parent=11625"}],"wp:term":[{"taxonomy":"category","embeddable":true,"href":"http:\/\/archiv.tus-jahn-hilfarth.de\/index.php\/wp-json\/wp\/v2\/categories?post=11625"},{"taxonomy":"post_tag","embeddable":true,"href":"http:\/\/archiv.tus-jahn-hilfarth.de\/index.php\/wp-json\/wp\/v2\/tags?post=11625"}],"curies":[{"name":"wp","href":"https:\/\/api.w.org\/{rel}","templated":true}]}}