{"id":11630,"date":"2018-12-16T18:14:38","date_gmt":"2018-12-16T16:14:38","guid":{"rendered":"http:\/\/tus-jahn-hilfarth.de\/?p=11630"},"modified":"2018-12-16T18:15:39","modified_gmt":"2018-12-16T16:15:39","slug":"vertrag-mit-kevin-lueck-unter-dach-und-fach","status":"publish","type":"post","link":"http:\/\/archiv.tus-jahn-hilfarth.de\/index.php\/vertrag-mit-kevin-lueck-unter-dach-und-fach\/","title":{"rendered":"Vertrag mit Kevin L\u00fcck unter Dach und Fach"},"content":{"rendered":"<p>Eine langfristige Bindung wurde Kevin L\u00fcck, unserem Stammspieler der ersten Mannschaft nun angeboten und \u2026 er nahm an.<\/p>\n<p>Der ehemalige 2.Gesch\u00e4ftsf\u00fchrer des TuS Jahn hat nun seine\u00a0<span style=\"display: inline !important; float: none; background-color: transparent; color: #333333; font-family: Georgia,'Times New Roman','Bitstream Charter',Times,serif; font-size: 16px; font-style: normal; font-variant: normal; font-weight: 400; letter-spacing: normal; line-height: 24px; orphans: 2; text-align: left; text-decoration: none; text-indent: 0px; text-transform: none; -webkit-text-stroke-width: 0px; white-space: normal; word-spacing: 0px; word-wrap: break-word;\">langj\u00e4hrige Freundin Jessica geheiratet.<\/span><\/p>\n<p>Wir freuen uns alle f\u00fcr das sympathische Paar und w\u00fcnschen Euch eine wunderbare Zeit.<\/p>\n","protected":false},"excerpt":{"rendered":"<p>Eine langfristige Bindung wurde Kevin L\u00fcck, unserem Stammspieler der ersten Mannschaft nun angeboten und \u2026 er nahm an. Der ehemalige 2.Gesch\u00e4ftsf\u00fchrer des TuS Jahn hat nun seine\u00a0langj\u00e4hrige Freundin Jessica geheiratet. Wir freuen uns alle f\u00fcr das sympathische Paar und w\u00fcnschen Euch eine wunderbare Zeit.<\/p>\n","protected":false},"author":6,"featured_media":11631,"comment_status":"closed","ping_status":"closed","sticky":false,"template":"","format":"standard","meta":[],"categories":[9,60],"tags":[],"wps_subtitle":"","_links":{"self":[{"href":"http:\/\/archiv.tus-jahn-hilfarth.de\/index.php\/wp-json\/wp\/v2\/posts\/11630"}],"collection":[{"href":"http:\/\/archiv.tus-jahn-hilfarth.de\/index.php\/wp-json\/wp\/v2\/posts"}],"about":[{"href":"http:\/\/archiv.tus-jahn-hilfarth.de\/index.php\/wp-json\/wp\/v2\/types\/post"}],"author":[{"embeddable":true,"href":"http:\/\/archiv.tus-jahn-hilfarth.de\/index.php\/wp-json\/wp\/v2\/users\/6"}],"replies":[{"embeddable":true,"href":"http:\/\/archiv.tus-jahn-hilfarth.de\/index.php\/wp-json\/wp\/v2\/comments?post=11630"}],"version-history":[{"count":1,"href":"http:\/\/archiv.tus-jahn-hilfarth.de\/index.php\/wp-json\/wp\/v2\/posts\/11630\/revisions"}],"predecessor-version":[{"id":11632,"href":"http:\/\/archiv.tus-jahn-hilfarth.de\/index.php\/wp-json\/wp\/v2\/posts\/11630\/revisions\/11632"}],"wp:featuredmedia":[{"embeddable":true,"href":"http:\/\/archiv.tus-jahn-hilfarth.de\/index.php\/wp-json\/wp\/v2\/media\/11631"}],"wp:attachment":[{"href":"http:\/\/archiv.tus-jahn-hilfarth.de\/index.php\/wp-json\/wp\/v2\/media?parent=11630"}],"wp:term":[{"taxonomy":"category","embeddable":true,"href":"http:\/\/archiv.tus-jahn-hilfarth.de\/index.php\/wp-json\/wp\/v2\/categories?post=11630"},{"taxonomy":"post_tag","embeddable":true,"href":"http:\/\/archiv.tus-jahn-hilfarth.de\/index.php\/wp-json\/wp\/v2\/tags?post=11630"}],"curies":[{"name":"wp","href":"https:\/\/api.w.org\/{rel}","templated":true}]}}