{"id":11701,"date":"2019-01-21T23:40:05","date_gmt":"2019-01-21T21:40:05","guid":{"rendered":"http:\/\/tus-jahn-hilfarth.de\/?p=11701"},"modified":"2019-01-21T23:40:05","modified_gmt":"2019-01-21T21:40:05","slug":"prellballer-in-hueckeswagen","status":"publish","type":"post","link":"http:\/\/archiv.tus-jahn-hilfarth.de\/index.php\/prellballer-in-hueckeswagen\/","title":{"rendered":"Prellballer in H\u00fcckeswagen"},"content":{"rendered":"<p><span style=\"color: #000000; font-family: Times New Roman;\">Am Sonntagmorgen\u00a0 fuhren die Prellballer zu ihrem zu ihrem letzten Verbandsliga Spieltag nach H\u00fcckeswagen.<\/span><\/p>\n<p><span style=\"color: #000000; font-family: Times New Roman;\">Nachdem man sich in knappen und spannenden Spielen dem TV Orken (2 B\u00e4lle) und dem Linden-Dahlhauser TV (1 Ball) geschlagen geben musste, konnten die TUS Prellballer noch zulegen und so die \u00fcbrigen 3 Spiele gegen die Mannschaften ATV Bonn,\u00a0 TV Jahn Bad Lippspringe sowie dem Gastgeber TV Winterhagen, jeweils deutlich f\u00fcr sich entscheiden und so den Spieltag mit einer positiven Bilanz von 6:4 Punkten abschlie\u00dfen.<\/span><\/p>\n<p><span style=\"color: #000000; font-family: Times New Roman;\">In der Gesamtwertung konnten sich die Prellballer um einen Platz verbessern und schlie\u00dfen damit ihre Saison mit dem 4. Tabellenplatz ab. Dieser berechtigt zur Teilnahme an den Rheinischen Meisterschaften am 09.02.19 in Engelskirchen .<\/span><\/p>\n<p><span style=\"color: #000000; font-family: Times New Roman;\">F\u00fcr den TUS Jahn Hilfarth spielten:<\/span><\/p>\n<p><span style=\"color: #000000; font-family: Times New Roman;\">Volker Minkenberg, Ralf Boisten, Michael Wolf und Hermann-Josef Fiegen<\/span><\/p>\n","protected":false},"excerpt":{"rendered":"<p>Am Sonntagmorgen\u00a0 fuhren die Prellballer zu ihrem zu ihrem letzten Verbandsliga Spieltag nach H\u00fcckeswagen. Nachdem man sich in knappen und spannenden Spielen dem TV Orken (2 B\u00e4lle) und dem Linden-Dahlhauser TV (1 Ball) geschlagen geben musste, konnten die TUS Prellballer noch zulegen und so die \u00fcbrigen 3 Spiele gegen die Mannschaften ATV Bonn,\u00a0 TV Jahn [&hellip;]<\/p>\n","protected":false},"author":6,"featured_media":11704,"comment_status":"closed","ping_status":"closed","sticky":false,"template":"","format":"standard","meta":[],"categories":[49,60],"tags":[],"wps_subtitle":"Platz gut gemacht","_links":{"self":[{"href":"http:\/\/archiv.tus-jahn-hilfarth.de\/index.php\/wp-json\/wp\/v2\/posts\/11701"}],"collection":[{"href":"http:\/\/archiv.tus-jahn-hilfarth.de\/index.php\/wp-json\/wp\/v2\/posts"}],"about":[{"href":"http:\/\/archiv.tus-jahn-hilfarth.de\/index.php\/wp-json\/wp\/v2\/types\/post"}],"author":[{"embeddable":true,"href":"http:\/\/archiv.tus-jahn-hilfarth.de\/index.php\/wp-json\/wp\/v2\/users\/6"}],"replies":[{"embeddable":true,"href":"http:\/\/archiv.tus-jahn-hilfarth.de\/index.php\/wp-json\/wp\/v2\/comments?post=11701"}],"version-history":[{"count":2,"href":"http:\/\/archiv.tus-jahn-hilfarth.de\/index.php\/wp-json\/wp\/v2\/posts\/11701\/revisions"}],"predecessor-version":[{"id":11703,"href":"http:\/\/archiv.tus-jahn-hilfarth.de\/index.php\/wp-json\/wp\/v2\/posts\/11701\/revisions\/11703"}],"wp:featuredmedia":[{"embeddable":true,"href":"http:\/\/archiv.tus-jahn-hilfarth.de\/index.php\/wp-json\/wp\/v2\/media\/11704"}],"wp:attachment":[{"href":"http:\/\/archiv.tus-jahn-hilfarth.de\/index.php\/wp-json\/wp\/v2\/media?parent=11701"}],"wp:term":[{"taxonomy":"category","embeddable":true,"href":"http:\/\/archiv.tus-jahn-hilfarth.de\/index.php\/wp-json\/wp\/v2\/categories?post=11701"},{"taxonomy":"post_tag","embeddable":true,"href":"http:\/\/archiv.tus-jahn-hilfarth.de\/index.php\/wp-json\/wp\/v2\/tags?post=11701"}],"curies":[{"name":"wp","href":"https:\/\/api.w.org\/{rel}","templated":true}]}}