{"id":11790,"date":"2019-02-07T23:19:58","date_gmt":"2019-02-07T21:19:58","guid":{"rendered":"http:\/\/tus-jahn-hilfarth.de\/?p=11790"},"modified":"2019-02-19T13:43:09","modified_gmt":"2019-02-19T11:43:09","slug":"das-war-der-strategietag","status":"publish","type":"post","link":"http:\/\/archiv.tus-jahn-hilfarth.de\/index.php\/das-war-der-strategietag\/","title":{"rendered":"Das war der Strategietag"},"content":{"rendered":"<p>Eingeladen waren alle 650 Mitglieder und Freunde des TuS Jahn. Gekommen sind Vertreter aus fast allen Abteilungen und altersm\u00e4\u00dfig querbeet durch die Generationen.<\/p>\n<p>Ziel war es, mit dieser vom LSB angesteuerten Veranstaltung, ein Gespr\u00e4ch mit den Mitgliedern auch mal au\u00dferhalb des normalen sportlichen Geschehens zu f\u00fchren und sie explizit in die Gestaltung des Vereins einzubinden, und \u2026 nat\u00fcrlich auch f\u00fcr ehrenamtliche Aufgaben zu gewinnen.<\/p>\n<p>Einen Einstieg in die Veranstaltung zu finden, war sicherlich nicht ganz einfach. Immerhin wei\u00df man nie wer kommt und was wir alle erhoffen zu erreichen.<\/p>\n<p>Es waren bereits im Vorfeld Ideen eingegangen, so dass die aufgestellten Tafeln nicht ganz nackt waren und erste Gespr\u00e4che somit schon ans Laufen kamen.<\/p>\n<p>Auf die provokante Frage, warum man gekommen sei, gab es die schlichte Antwort: Weil das mein Verein ist und man schlie\u00dflich wissen will, was hier passiert. So ein Satz beruhigt schon direkt etwas die Nerven \ud83d\ude42<\/p>\n<p>Nach der Begr\u00fc\u00dfung der Mitglieder wurde das Programm des Tages von Olli vorgestellt.<\/p>\n<p><a href=\"http:\/\/tus-jahn-hilfarth.de\/index.php\/das-war-der-strategietag\/20190202_113802\/\" rel=\"attachment wp-att-11801\"><img loading=\"lazy\" class=\"alignright size-medium wp-image-11801\" src=\"http:\/\/tus-jahn-hilfarth.de\/wp-content\/uploads\/2019\/02\/20190202_113802-e1549573719349-169x300.jpg\" alt=\"\" width=\"169\" height=\"300\" srcset=\"http:\/\/archiv.tus-jahn-hilfarth.de\/wp-content\/uploads\/2019\/02\/20190202_113802-e1549573719349-169x300.jpg 169w, http:\/\/archiv.tus-jahn-hilfarth.de\/wp-content\/uploads\/2019\/02\/20190202_113802-e1549573719349-768x1365.jpg 768w, http:\/\/archiv.tus-jahn-hilfarth.de\/wp-content\/uploads\/2019\/02\/20190202_113802-e1549573719349-576x1024.jpg 576w\" sizes=\"(max-width: 169px) 100vw, 169px\" \/><\/a>Als Fixpunkt stellte Arndt das Programm f\u00fcr unser 100-j\u00e4hriges Jubil\u00e4um vor. Durch die Vorstellung wurden schon Ideen und kleinere Anpassungen diskutiert.<\/p>\n<p>Nach dieser Vorstellung wurde das eigens von Sigrun zubereite Chilli serviert. Frisch\u00a0 gest\u00e4rkt ging es dann in die n\u00e4chste Runde.<\/p>\n<p>Dort gab es dann einen aktiven Austausch zum Thema Au\u00dfendarstellung. Hier gingen aufgrund der Altersunterschiede die Ideen nat\u00fcrlich weit auseinander.<\/p>\n<p>Am reichhaltigsten waren die Ideen zum Thema Zusammenhalt im Verein, was bringt uns zusammen. Hier ging es auch im Gespr\u00e4ch darum, was unterscheidet uns, auch von anderen Vereinen. Auch wenn wir nicht &#8220;ganz oben&#8221; mitspielen, warum sind wir trotzdem &#8220;ganz oben&#8221;? Wegen unseres famili\u00e4ren Charakters war die eindeutige R\u00fcckmeldung. Des Weiteren sprudelte es nur so von Ideen und es fand ein reger Austausch statt.<\/p>\n<p>Hier die Ideensammlung im \u00dcberblick:<\/p>\n<p>Zusammenhalt im Verein. Was bringt uns zusammen?<\/p>\n<ul>\n<li>famili\u00e4ren Charakter beibehalten<\/li>\n<li>Austausch zwischen den Abteilungen \u00fcber Veranstaltungen<br \/>\nGemeinsame Veranstaltungen, Aktionen<\/li>\n<li>Zelt-Wochenende f\u00fcr die Jugend am Sportplatz<br \/>\ngemeinsames Event\/Sporttag mit der Jugend, nicht Disziplin bezogen, z.B. V\u00f6lkerball-Turnier<br \/>\nLeichtathletik-Camp, Fu\u00dfball-Camp<\/li>\n<li>gemeinsame Trainingsaktionen: Sprint-Training f\u00fcr Fu\u00dfballer, Geschicklichkeits-Training f\u00fcr Athleten<\/li>\n<li>mehr Vorstandspr\u00e4senz beim Training<\/li>\n<li>Beitragsstruktur f\u00fcr Betreuer und Passive \u00fcberdenken<\/li>\n<li>Helfen und Feiern: Beteiligung am Umwelttag in Hilfarth, danach gemeinsames Feiern<\/li>\n<li>Mannschaftsfotos der Abteilungen im Vereinsheim<\/li>\n<\/ul>\n<p>Wie findet Ihr unsere \u00d6ffentlichkeitsarbeit? Wie kann man sie zeitgem\u00e4\u00df gestalten?<\/p>\n<ul>\n<li>mehr &#8220;Posts&#8221; von aktuellen Veranstaltungen<\/li>\n<li>mehr aktuelle Pr\u00e4senz in sozialen Netzwerken<\/li>\n<li>ein gemeinsames Poster f\u00fcr alle Veranstaltungen: Spiele, L\u00e4ufe, offene Veranstaltungen<\/li>\n<\/ul>\n<p>Anregungen f\u00fcr das Jubil\u00e4umsjahr<\/p>\n<ul>\n<li>12 Monate \/ 12 Abteilungen: Jeden Monat eine Mannschaft bzw. Abteilung in den Mittelpunkt stellen, im Internet, auch mit gesondertem Schnuppertraining<\/li>\n<li>Ablauf des Umzuges mit gemeinsamen Ideen, einheitlicher Dresscode<\/li>\n<\/ul>\n<div id='gallery-1' class='gallery galleryid-11790 gallery-columns-3 gallery-size-thumbnail'><figure class='gallery-item'>\n\t\t\t<div class='gallery-icon landscape'>\n\t\t\t\t<a title=\"20190202_095529\" href='http:\/\/archiv.tus-jahn-hilfarth.de\/index.php\/das-war-der-strategietag\/20190202_095529\/'><img width=\"150\" height=\"150\" src=\"http:\/\/archiv.tus-jahn-hilfarth.de\/wp-content\/uploads\/2019\/02\/20190202_095529-150x150.jpg\" class=\"attachment-thumbnail size-thumbnail\" alt=\"\" loading=\"lazy\" \/><\/a>\n\t\t\t<\/div><\/figure><figure class='gallery-item'>\n\t\t\t<div class='gallery-icon landscape'>\n\t\t\t\t<a title=\"20190202_111449(0)\" href='http:\/\/archiv.tus-jahn-hilfarth.de\/index.php\/das-war-der-strategietag\/20190202_1114490\/'><img width=\"150\" height=\"150\" src=\"http:\/\/archiv.tus-jahn-hilfarth.de\/wp-content\/uploads\/2019\/02\/20190202_1114490-150x150.jpg\" class=\"attachment-thumbnail size-thumbnail\" alt=\"\" loading=\"lazy\" \/><\/a>\n\t\t\t<\/div><\/figure><figure class='gallery-item'>\n\t\t\t<div class='gallery-icon landscape'>\n\t\t\t\t<a title=\"20190202_095521\" href='http:\/\/archiv.tus-jahn-hilfarth.de\/index.php\/das-war-der-strategietag\/20190202_095521\/'><img width=\"150\" height=\"150\" src=\"http:\/\/archiv.tus-jahn-hilfarth.de\/wp-content\/uploads\/2019\/02\/20190202_095521-150x150.jpg\" class=\"attachment-thumbnail size-thumbnail\" alt=\"\" loading=\"lazy\" \/><\/a>\n\t\t\t<\/div><\/figure><figure class='gallery-item'>\n\t\t\t<div class='gallery-icon landscape'>\n\t\t\t\t<a title=\"20190202_113304\" href='http:\/\/archiv.tus-jahn-hilfarth.de\/index.php\/das-war-der-strategietag\/20190202_113304\/'><img width=\"150\" height=\"150\" src=\"http:\/\/archiv.tus-jahn-hilfarth.de\/wp-content\/uploads\/2019\/02\/20190202_113304-150x150.jpg\" class=\"attachment-thumbnail size-thumbnail\" alt=\"\" loading=\"lazy\" \/><\/a>\n\t\t\t<\/div><\/figure><figure class='gallery-item'>\n\t\t\t<div class='gallery-icon landscape'>\n\t\t\t\t<a title=\"20190202_114254\" href='http:\/\/archiv.tus-jahn-hilfarth.de\/index.php\/das-war-der-strategietag\/20190202_114254\/'><img width=\"150\" height=\"150\" src=\"http:\/\/archiv.tus-jahn-hilfarth.de\/wp-content\/uploads\/2019\/02\/20190202_114254-150x150.jpg\" class=\"attachment-thumbnail size-thumbnail\" alt=\"\" loading=\"lazy\" \/><\/a>\n\t\t\t<\/div><\/figure><figure class='gallery-item'>\n\t\t\t<div class='gallery-icon landscape'>\n\t\t\t\t<a title=\"20190202_140801\" href='http:\/\/archiv.tus-jahn-hilfarth.de\/index.php\/das-war-der-strategietag\/20190202_140801\/'><img width=\"150\" height=\"150\" src=\"http:\/\/archiv.tus-jahn-hilfarth.de\/wp-content\/uploads\/2019\/02\/20190202_140801-150x150.jpg\" class=\"attachment-thumbnail size-thumbnail\" alt=\"\" loading=\"lazy\" \/><\/a>\n\t\t\t<\/div><\/figure><figure class='gallery-item'>\n\t\t\t<div class='gallery-icon landscape'>\n\t\t\t\t<a title=\"20190202_140805\" href='http:\/\/archiv.tus-jahn-hilfarth.de\/index.php\/das-war-der-strategietag\/20190202_140805\/'><img width=\"150\" height=\"150\" src=\"http:\/\/archiv.tus-jahn-hilfarth.de\/wp-content\/uploads\/2019\/02\/20190202_140805-150x150.jpg\" class=\"attachment-thumbnail size-thumbnail\" alt=\"\" loading=\"lazy\" \/><\/a>\n\t\t\t<\/div><\/figure><figure class='gallery-item'>\n\t\t\t<div class='gallery-icon landscape'>\n\t\t\t\t<a title=\"20190202_114443_1549572049480_resized\" href='http:\/\/archiv.tus-jahn-hilfarth.de\/index.php\/das-war-der-strategietag\/20190202_114443_1549572049480_resized\/'><img width=\"150\" height=\"150\" src=\"http:\/\/archiv.tus-jahn-hilfarth.de\/wp-content\/uploads\/2019\/02\/20190202_114443_1549572049480_resized-150x150.jpg\" class=\"attachment-thumbnail size-thumbnail\" alt=\"\" loading=\"lazy\" \/><\/a>\n\t\t\t<\/div><\/figure><figure class='gallery-item'>\n\t\t\t<div class='gallery-icon landscape'>\n\t\t\t\t<a title=\"20190202_114347_1549572050854_resized\" href='http:\/\/archiv.tus-jahn-hilfarth.de\/index.php\/das-war-der-strategietag\/20190202_114347_1549572050854_resized\/'><img width=\"150\" height=\"150\" src=\"http:\/\/archiv.tus-jahn-hilfarth.de\/wp-content\/uploads\/2019\/02\/20190202_114347_1549572050854_resized-150x150.jpg\" class=\"attachment-thumbnail size-thumbnail\" alt=\"\" loading=\"lazy\" \/><\/a>\n\t\t\t<\/div><\/figure><figure class='gallery-item'>\n\t\t\t<div class='gallery-icon landscape'>\n\t\t\t\t<a title=\"20190202_114227_1549572053639_resized\" href='http:\/\/archiv.tus-jahn-hilfarth.de\/index.php\/das-war-der-strategietag\/20190202_114227_1549572053639_resized\/'><img width=\"150\" height=\"150\" src=\"http:\/\/archiv.tus-jahn-hilfarth.de\/wp-content\/uploads\/2019\/02\/20190202_114227_1549572053639_resized-150x150.jpg\" class=\"attachment-thumbnail size-thumbnail\" alt=\"\" loading=\"lazy\" \/><\/a>\n\t\t\t<\/div><\/figure>\n\t\t<\/div>\n\n<p>&nbsp;<\/p>\n<p>&nbsp;<\/p>\n<p>&nbsp;<\/p>\n<p>&nbsp;<\/p>\n<p>&nbsp;<\/p>\n","protected":false},"excerpt":{"rendered":"<p>Eingeladen waren alle 650 Mitglieder und Freunde des TuS Jahn. Gekommen sind Vertreter aus fast allen Abteilungen und altersm\u00e4\u00dfig querbeet durch die Generationen. Ziel war es, mit dieser vom LSB angesteuerten Veranstaltung, ein Gespr\u00e4ch mit den Mitgliedern auch mal au\u00dferhalb des normalen sportlichen Geschehens zu f\u00fchren und sie explizit in die Gestaltung des Vereins einzubinden, [&hellip;]<\/p>\n","protected":false},"author":6,"featured_media":11803,"comment_status":"closed","ping_status":"closed","sticky":false,"template":"","format":"standard","meta":[],"categories":[60,1],"tags":[],"wps_subtitle":"Experiment gelungen","_links":{"self":[{"href":"http:\/\/archiv.tus-jahn-hilfarth.de\/index.php\/wp-json\/wp\/v2\/posts\/11790"}],"collection":[{"href":"http:\/\/archiv.tus-jahn-hilfarth.de\/index.php\/wp-json\/wp\/v2\/posts"}],"about":[{"href":"http:\/\/archiv.tus-jahn-hilfarth.de\/index.php\/wp-json\/wp\/v2\/types\/post"}],"author":[{"embeddable":true,"href":"http:\/\/archiv.tus-jahn-hilfarth.de\/index.php\/wp-json\/wp\/v2\/users\/6"}],"replies":[{"embeddable":true,"href":"http:\/\/archiv.tus-jahn-hilfarth.de\/index.php\/wp-json\/wp\/v2\/comments?post=11790"}],"version-history":[{"count":7,"href":"http:\/\/archiv.tus-jahn-hilfarth.de\/index.php\/wp-json\/wp\/v2\/posts\/11790\/revisions"}],"predecessor-version":[{"id":11833,"href":"http:\/\/archiv.tus-jahn-hilfarth.de\/index.php\/wp-json\/wp\/v2\/posts\/11790\/revisions\/11833"}],"wp:featuredmedia":[{"embeddable":true,"href":"http:\/\/archiv.tus-jahn-hilfarth.de\/index.php\/wp-json\/wp\/v2\/media\/11803"}],"wp:attachment":[{"href":"http:\/\/archiv.tus-jahn-hilfarth.de\/index.php\/wp-json\/wp\/v2\/media?parent=11790"}],"wp:term":[{"taxonomy":"category","embeddable":true,"href":"http:\/\/archiv.tus-jahn-hilfarth.de\/index.php\/wp-json\/wp\/v2\/categories?post=11790"},{"taxonomy":"post_tag","embeddable":true,"href":"http:\/\/archiv.tus-jahn-hilfarth.de\/index.php\/wp-json\/wp\/v2\/tags?post=11790"}],"curies":[{"name":"wp","href":"https:\/\/api.w.org\/{rel}","templated":true}]}}