{"id":12230,"date":"2019-06-13T21:22:59","date_gmt":"2019-06-13T19:22:59","guid":{"rendered":"http:\/\/tus-jahn-hilfarth.de\/?p=12230"},"modified":"2019-06-13T21:26:15","modified_gmt":"2019-06-13T19:26:15","slug":"nachlese-zu-nccr-fussball-camp","status":"publish","type":"post","link":"http:\/\/archiv.tus-jahn-hilfarth.de\/index.php\/nachlese-zu-nccr-fussball-camp\/","title":{"rendered":"Nachlese zu NCCR Fu\u00dfball Camp"},"content":{"rendered":"<p>Das in den Osterferien stattgefundene Fu\u00dfball Camp ist vielen der Beteiligten zwar noch in guter Erinnerung, aber damit das so bleibt, hat uns der Veranstalter einen kleinen Film zusammen geschnitten.<\/p>\n<p>Ein Blick hinein lohnt sich auf jeden Fall. Man gewinnt einen sch\u00f6nen Eindruck \u00fcber den Spa\u00df und die super Stimmung, die die Kids und auch Betreuer in den Tagen hatten.<\/p>\n<p>Also, viel Spa\u00df beim gucken!<\/p>\n<p><a href=\"http:\/\/tus-jahn-hilfarth.de\/?attachment_id=12231\">VID-20190612-WA0000<\/a><\/p>\n","protected":false},"excerpt":{"rendered":"<p>Das in den Osterferien stattgefundene Fu\u00dfball Camp ist vielen der Beteiligten zwar noch in guter Erinnerung, aber damit das so bleibt, hat uns der Veranstalter einen kleinen Film zusammen geschnitten. Ein Blick hinein lohnt sich auf jeden Fall. Man gewinnt einen sch\u00f6nen Eindruck \u00fcber den Spa\u00df und die super Stimmung, die die Kids und auch [&hellip;]<\/p>\n","protected":false},"author":6,"featured_media":12234,"comment_status":"closed","ping_status":"closed","sticky":false,"template":"","format":"standard","meta":[],"categories":[13,60],"tags":[],"wps_subtitle":"","_links":{"self":[{"href":"http:\/\/archiv.tus-jahn-hilfarth.de\/index.php\/wp-json\/wp\/v2\/posts\/12230"}],"collection":[{"href":"http:\/\/archiv.tus-jahn-hilfarth.de\/index.php\/wp-json\/wp\/v2\/posts"}],"about":[{"href":"http:\/\/archiv.tus-jahn-hilfarth.de\/index.php\/wp-json\/wp\/v2\/types\/post"}],"author":[{"embeddable":true,"href":"http:\/\/archiv.tus-jahn-hilfarth.de\/index.php\/wp-json\/wp\/v2\/users\/6"}],"replies":[{"embeddable":true,"href":"http:\/\/archiv.tus-jahn-hilfarth.de\/index.php\/wp-json\/wp\/v2\/comments?post=12230"}],"version-history":[{"count":4,"href":"http:\/\/archiv.tus-jahn-hilfarth.de\/index.php\/wp-json\/wp\/v2\/posts\/12230\/revisions"}],"predecessor-version":[{"id":12236,"href":"http:\/\/archiv.tus-jahn-hilfarth.de\/index.php\/wp-json\/wp\/v2\/posts\/12230\/revisions\/12236"}],"wp:featuredmedia":[{"embeddable":true,"href":"http:\/\/archiv.tus-jahn-hilfarth.de\/index.php\/wp-json\/wp\/v2\/media\/12234"}],"wp:attachment":[{"href":"http:\/\/archiv.tus-jahn-hilfarth.de\/index.php\/wp-json\/wp\/v2\/media?parent=12230"}],"wp:term":[{"taxonomy":"category","embeddable":true,"href":"http:\/\/archiv.tus-jahn-hilfarth.de\/index.php\/wp-json\/wp\/v2\/categories?post=12230"},{"taxonomy":"post_tag","embeddable":true,"href":"http:\/\/archiv.tus-jahn-hilfarth.de\/index.php\/wp-json\/wp\/v2\/tags?post=12230"}],"curies":[{"name":"wp","href":"https:\/\/api.w.org\/{rel}","templated":true}]}}