{"id":12825,"date":"2020-01-26T18:40:56","date_gmt":"2020-01-26T16:40:56","guid":{"rendered":"http:\/\/tus-jahn-hilfarth.de\/?p=12825"},"modified":"2020-01-26T18:41:05","modified_gmt":"2020-01-26T16:41:05","slug":"gedenken-an-dennis-jaeckel","status":"publish","type":"post","link":"http:\/\/archiv.tus-jahn-hilfarth.de\/index.php\/gedenken-an-dennis-jaeckel\/","title":{"rendered":"Gedenken an Dennis J\u00e4ckel"},"content":{"rendered":"<p>Mit Best\u00fcrzung haben wir davon Kenntnis bekommen, dass Dennis J\u00e4ckel, Vorsitzender des FC Germania Rurich mit 41 Jahren viel zu fr\u00fch von uns gegangen ist.<\/p>\n<p>Wir w\u00fcnschen der Familie, den Freunden und Vereinskollegen viel Kraft, mit diesem Verlust umzugehen.<\/p>\n<p>Danke, Dennis, dass wir mit Dir unsere gemeinsame Leidenschaft, den Fu\u00dfball, auf dem Platz und hinter den Kulissen gestalten durften.<\/p>\n","protected":false},"excerpt":{"rendered":"<p>Mit Best\u00fcrzung haben wir davon Kenntnis bekommen, dass Dennis J\u00e4ckel, Vorsitzender des FC Germania Rurich mit 41 Jahren viel zu fr\u00fch von uns gegangen ist. Wir w\u00fcnschen der Familie, den Freunden und Vereinskollegen viel Kraft, mit diesem Verlust umzugehen. Danke, Dennis, dass wir mit Dir unsere gemeinsame Leidenschaft, den Fu\u00dfball, auf dem Platz und hinter [&hellip;]<\/p>\n","protected":false},"author":6,"featured_media":12826,"comment_status":"closed","ping_status":"closed","sticky":false,"template":"","format":"standard","meta":[],"categories":[29,60],"tags":[],"wps_subtitle":"Vorsitzender FC Germania Rurich","_links":{"self":[{"href":"http:\/\/archiv.tus-jahn-hilfarth.de\/index.php\/wp-json\/wp\/v2\/posts\/12825"}],"collection":[{"href":"http:\/\/archiv.tus-jahn-hilfarth.de\/index.php\/wp-json\/wp\/v2\/posts"}],"about":[{"href":"http:\/\/archiv.tus-jahn-hilfarth.de\/index.php\/wp-json\/wp\/v2\/types\/post"}],"author":[{"embeddable":true,"href":"http:\/\/archiv.tus-jahn-hilfarth.de\/index.php\/wp-json\/wp\/v2\/users\/6"}],"replies":[{"embeddable":true,"href":"http:\/\/archiv.tus-jahn-hilfarth.de\/index.php\/wp-json\/wp\/v2\/comments?post=12825"}],"version-history":[{"count":1,"href":"http:\/\/archiv.tus-jahn-hilfarth.de\/index.php\/wp-json\/wp\/v2\/posts\/12825\/revisions"}],"predecessor-version":[{"id":12827,"href":"http:\/\/archiv.tus-jahn-hilfarth.de\/index.php\/wp-json\/wp\/v2\/posts\/12825\/revisions\/12827"}],"wp:featuredmedia":[{"embeddable":true,"href":"http:\/\/archiv.tus-jahn-hilfarth.de\/index.php\/wp-json\/wp\/v2\/media\/12826"}],"wp:attachment":[{"href":"http:\/\/archiv.tus-jahn-hilfarth.de\/index.php\/wp-json\/wp\/v2\/media?parent=12825"}],"wp:term":[{"taxonomy":"category","embeddable":true,"href":"http:\/\/archiv.tus-jahn-hilfarth.de\/index.php\/wp-json\/wp\/v2\/categories?post=12825"},{"taxonomy":"post_tag","embeddable":true,"href":"http:\/\/archiv.tus-jahn-hilfarth.de\/index.php\/wp-json\/wp\/v2\/tags?post=12825"}],"curies":[{"name":"wp","href":"https:\/\/api.w.org\/{rel}","templated":true}]}}