{"id":13280,"date":"2021-02-27T14:38:17","date_gmt":"2021-02-27T12:38:17","guid":{"rendered":"http:\/\/tus-jahn-hilfarth.de\/?p=13280"},"modified":"2021-04-04T08:54:19","modified_gmt":"2021-04-04T06:54:19","slug":"neue-perspektiven","status":"publish","type":"post","link":"http:\/\/archiv.tus-jahn-hilfarth.de\/index.php\/neue-perspektiven\/","title":{"rendered":"Trainerwechsel: Neue Perspektiven"},"content":{"rendered":"\n<p>Der TuS Jahn Hilfarth hat sich mit dem derzeitigen Cheftrainer Claus Richter einvernehmlich verst\u00e4ndigt, die Zusammenarbeit in der kommenden Saison unabh\u00e4ngig von dem Ausgang der aktuellen Spielzeit nicht fortzusetzen. Der Verein hat die pandemiebedingte Unterbrechung des Spielbetriebs genutzt, um bisherige Strukturen und Konzepte zu \u00fcberdenken und neue Perspektiven zu schaffen. Zur neuen Saison wird ein Trainer- und Funktionsstab, in dem konzentrierte Kompetenzen auf unterschiedliche Schultern verteilt sind, die Geschicke der 1. Mannschaft leiten.<br><br>Der Vereinsvorsitzende Olli Hermsmeier erkl\u00e4rt: &#8220;Nach der Zwangspause des Trainings- und Spielbetriebs wollen wir Vollgas geben: Wir sp\u00fcren den frischen Wind und die neue Energie im Verein. Zur neuen Saison m\u00f6chten wir diese Synergie nutzen und die n\u00f6tigen strukturellen Voraussetzungen schaffen.&#8221;<br><br>Die Hilfarther Mannschaft steht derzeit auf dem dritten Tabellenplatz mit nur zwei Punkten Abstand zu dem Tabellenf\u00fchrer. Erkl\u00e4rtes Saisonziel ist der Aufstieg in die Kreisliga A. Hermsmeier: &#8220;Claus Richter wird uns auf diesem Weg bis zum Sommer begleiten. Wir sind sehr froh, dass er zugesagt hat, mit der Mannschaft weiterhin um den Aufstieg zu k\u00e4mpfen. Wir sind ihm dankbar, die letzten f\u00fcnf Jahre die 1. Mannschaft hervorragend gef\u00fchrt zu haben. Er hat ausgezeichnete Arbeit geleistet!&#8221;<br><br>Richter kam 2016 zum TuS Jahn Hilfarth. In der Vergangenheit trainierte er Mannschaften bis in die Landesliga, als Spieler kann er auf eine Karriere in der Oberliga zur\u00fcckblicken.<\/p>\n","protected":false},"excerpt":{"rendered":"<p>Der TuS Jahn Hilfarth hat sich mit dem derzeitigen Cheftrainer Claus Richter einvernehmlich verst\u00e4ndigt, die Zusammenarbeit in der kommenden Saison unabh\u00e4ngig von dem Ausgang der aktuellen Spielzeit nicht fortzusetzen. Der Verein hat die pandemiebedingte Unterbrechung des Spielbetriebs genutzt, um bisherige Strukturen und Konzepte zu \u00fcberdenken und neue Perspektiven zu schaffen. Zur neuen Saison wird ein [&hellip;]<\/p>\n","protected":false},"author":1,"featured_media":13281,"comment_status":"closed","ping_status":"closed","sticky":false,"template":"","format":"standard","meta":[],"categories":[9,29],"tags":[],"wps_subtitle":"","_links":{"self":[{"href":"http:\/\/archiv.tus-jahn-hilfarth.de\/index.php\/wp-json\/wp\/v2\/posts\/13280"}],"collection":[{"href":"http:\/\/archiv.tus-jahn-hilfarth.de\/index.php\/wp-json\/wp\/v2\/posts"}],"about":[{"href":"http:\/\/archiv.tus-jahn-hilfarth.de\/index.php\/wp-json\/wp\/v2\/types\/post"}],"author":[{"embeddable":true,"href":"http:\/\/archiv.tus-jahn-hilfarth.de\/index.php\/wp-json\/wp\/v2\/users\/1"}],"replies":[{"embeddable":true,"href":"http:\/\/archiv.tus-jahn-hilfarth.de\/index.php\/wp-json\/wp\/v2\/comments?post=13280"}],"version-history":[{"count":3,"href":"http:\/\/archiv.tus-jahn-hilfarth.de\/index.php\/wp-json\/wp\/v2\/posts\/13280\/revisions"}],"predecessor-version":[{"id":13285,"href":"http:\/\/archiv.tus-jahn-hilfarth.de\/index.php\/wp-json\/wp\/v2\/posts\/13280\/revisions\/13285"}],"wp:featuredmedia":[{"embeddable":true,"href":"http:\/\/archiv.tus-jahn-hilfarth.de\/index.php\/wp-json\/wp\/v2\/media\/13281"}],"wp:attachment":[{"href":"http:\/\/archiv.tus-jahn-hilfarth.de\/index.php\/wp-json\/wp\/v2\/media?parent=13280"}],"wp:term":[{"taxonomy":"category","embeddable":true,"href":"http:\/\/archiv.tus-jahn-hilfarth.de\/index.php\/wp-json\/wp\/v2\/categories?post=13280"},{"taxonomy":"post_tag","embeddable":true,"href":"http:\/\/archiv.tus-jahn-hilfarth.de\/index.php\/wp-json\/wp\/v2\/tags?post=13280"}],"curies":[{"name":"wp","href":"https:\/\/api.w.org\/{rel}","templated":true}]}}