{"id":13307,"date":"2021-04-04T09:42:08","date_gmt":"2021-04-04T07:42:08","guid":{"rendered":"http:\/\/tus-jahn-hilfarth.de\/?p=13307"},"modified":"2021-04-04T09:43:00","modified_gmt":"2021-04-04T07:43:00","slug":"koehnen-wird-im-sommer-neuer-trainer","status":"publish","type":"post","link":"http:\/\/archiv.tus-jahn-hilfarth.de\/index.php\/koehnen-wird-im-sommer-neuer-trainer\/","title":{"rendered":"K\u00f6hnen wird im Sommer neuer Trainer"},"content":{"rendered":"\n<p>Paukenschlag zu Ostern: Torsten K\u00f6hnen wird im Sommer neuer Trainer der 1. Mannschaft und wird in dieser Funktion einem breiten Funktionsteam vorstehen. Das gab der TuS-Vorstand am Ostersonntag bekannt.<\/p>\n\n\n\n<p>Bereits seit Mai 2019 berat K\u00f6hnen einerseits den Vorstand in strategischen Fragen der Fu\u00dfballabteilung, andererseits diente er als Ansprechpartner und eine Art Teammanager f\u00fcr die 1. Mannschaft. Seit Sommer 2019 war K\u00f6hnen dar\u00fcberhinaus bereits unter Claus Richter Co-Trainer der 1. Mannschaft.<\/p>\n\n\n\n<p>Der TuS-Vorsitzende Hermsmeier erkl\u00e4rt: &#8220;Dass Torsten K\u00f6hnen jetzt Trainer wird, ist eine logische und absolut stimmige Weiterentwicklung. Er kennt die Abteilung und den Verein seit langer Zeit und hat sich in den letzten Jahren bereits in anderer, aber \u00e4hnlicher Funktion engagiert. Er brennt vor Ideen und Tatendrang, hat mit der Mannschaft viel vor. Jetzt warten wir alle gemeinsam sehnlichst auf den Neustart der Kreisliga!&#8221;<\/p>\n\n\n\n<p>Torsten K\u00f6hnen wechselte 2014 vom FC Wegberg-Beeck zum TuS Jahn Hilfarth. In seiner neuen Aufgabe wird er auf ein breites Funktionsteam zur\u00fcckgreifen k\u00f6nnen, das gemeinsam die sportliche Ausrichtung der 1. Mannschaft \u00fcbernimmt. Die einzelnen Funktionstr\u00e4ger werden in n\u00e4chster Zeit hier vorgestellt.<\/p>\n\n\n\n<p><\/p>\n","protected":false},"excerpt":{"rendered":"<p>Paukenschlag zu Ostern: Torsten K\u00f6hnen wird im Sommer neuer Trainer der 1. Mannschaft und wird in dieser Funktion einem breiten Funktionsteam vorstehen. Das gab der TuS-Vorstand am Ostersonntag bekannt. Bereits seit Mai 2019 berat K\u00f6hnen einerseits den Vorstand in strategischen Fragen der Fu\u00dfballabteilung, andererseits diente er als Ansprechpartner und eine Art Teammanager f\u00fcr die 1. [&hellip;]<\/p>\n","protected":false},"author":1,"featured_media":13308,"comment_status":"closed","ping_status":"closed","sticky":false,"template":"","format":"standard","meta":[],"categories":[9,29,250,1],"tags":[],"wps_subtitle":"","_links":{"self":[{"href":"http:\/\/archiv.tus-jahn-hilfarth.de\/index.php\/wp-json\/wp\/v2\/posts\/13307"}],"collection":[{"href":"http:\/\/archiv.tus-jahn-hilfarth.de\/index.php\/wp-json\/wp\/v2\/posts"}],"about":[{"href":"http:\/\/archiv.tus-jahn-hilfarth.de\/index.php\/wp-json\/wp\/v2\/types\/post"}],"author":[{"embeddable":true,"href":"http:\/\/archiv.tus-jahn-hilfarth.de\/index.php\/wp-json\/wp\/v2\/users\/1"}],"replies":[{"embeddable":true,"href":"http:\/\/archiv.tus-jahn-hilfarth.de\/index.php\/wp-json\/wp\/v2\/comments?post=13307"}],"version-history":[{"count":4,"href":"http:\/\/archiv.tus-jahn-hilfarth.de\/index.php\/wp-json\/wp\/v2\/posts\/13307\/revisions"}],"predecessor-version":[{"id":13312,"href":"http:\/\/archiv.tus-jahn-hilfarth.de\/index.php\/wp-json\/wp\/v2\/posts\/13307\/revisions\/13312"}],"wp:featuredmedia":[{"embeddable":true,"href":"http:\/\/archiv.tus-jahn-hilfarth.de\/index.php\/wp-json\/wp\/v2\/media\/13308"}],"wp:attachment":[{"href":"http:\/\/archiv.tus-jahn-hilfarth.de\/index.php\/wp-json\/wp\/v2\/media?parent=13307"}],"wp:term":[{"taxonomy":"category","embeddable":true,"href":"http:\/\/archiv.tus-jahn-hilfarth.de\/index.php\/wp-json\/wp\/v2\/categories?post=13307"},{"taxonomy":"post_tag","embeddable":true,"href":"http:\/\/archiv.tus-jahn-hilfarth.de\/index.php\/wp-json\/wp\/v2\/tags?post=13307"}],"curies":[{"name":"wp","href":"https:\/\/api.w.org\/{rel}","templated":true}]}}