{"id":2267,"date":"2014-09-26T22:29:31","date_gmt":"2014-09-26T20:29:31","guid":{"rendered":"http:\/\/tus-jahn-hilfarth.de\/?p=2267"},"modified":"2014-09-27T19:52:47","modified_gmt":"2014-09-27T17:52:47","slug":"hochzeit-von-daniela-und-kai-lengersdorf","status":"publish","type":"post","link":"http:\/\/archiv.tus-jahn-hilfarth.de\/index.php\/hochzeit-von-daniela-und-kai-lengersdorf\/","title":{"rendered":"Hochzeit von Daniela und Kai Lengersdorf"},"content":{"rendered":"<p>Wieder einmal haben im TuS Jahn die Hochzeitsglocken gel\u00e4utet: Unser Gesch\u00e4ftsf\u00fchrer Kai Lengersdorf hat seine Freundin Daniela geheiratet. Der ganze Verein gratuliert herzlich. Vereinsvorsitzender Dirk\u00a0Hermsmeier w\u00fcnscht auch im Namen\u00a0seiner Vorstandskollegen &#8220;den Beiden alles erdenklich Gute und eine tolle gemeinsame Zukunft.&#8221;<\/p>\n<p>&nbsp;<\/p>\n<p><strong>\u00dcber Facebook \u00fcberbrachten zahlreiche Freundinnen und Freunde des Vereins ihre Gl\u00fcckw\u00fcnsche:\u00a0<\/strong><\/p>\n<p><strong><script>\/\/ <![CDATA[\n(function(d, s, id) { var js, fjs = d.getElementsByTagName(s)[0]; if (d.getElementById(id)) return; js = d.createElement(s); js.id = id; js.src = \"\/\/connect.facebook.net\/de_DE\/all.js#xfbml=1\"; fjs.parentNode.insertBefore(js, fjs); }(document, 'script', 'facebook-jssdk'));\n\/\/ ]]><\/script><\/strong><\/p>\n<div class=\"fb-post\" data-href=\"https:\/\/www.facebook.com\/tusjahn\/photos\/a.609171219118423.1073741827.180940268608189\/755533154482228\/?type=1\" data-width=\"466\">\n<div class=\"fb-xfbml-parse-ignore\"><strong><a href=\"https:\/\/www.facebook.com\/tusjahn\/photos\/a.609171219118423.1073741827.180940268608189\/755533154482228\/?type=1\">Beitrag<\/a> von <a href=\"https:\/\/www.facebook.com\/tusjahn\">TuS Jahn Hilfarth 1920 e.V.<\/a><\/strong><\/div>\n<\/div>\n","protected":false},"excerpt":{"rendered":"<p>Wieder einmal haben im TuS Jahn die Hochzeitsglocken gel\u00e4utet: Unser Gesch\u00e4ftsf\u00fchrer Kai Lengersdorf hat seine Freundin Daniela geheiratet. Der ganze Verein gratuliert herzlich. Vereinsvorsitzender Dirk\u00a0Hermsmeier w\u00fcnscht auch im Namen\u00a0seiner Vorstandskollegen &#8220;den Beiden alles erdenklich Gute und eine tolle gemeinsame Zukunft.&#8221; &nbsp; \u00dcber Facebook \u00fcberbrachten zahlreiche Freundinnen und Freunde des Vereins ihre Gl\u00fcckw\u00fcnsche:\u00a0 Beitrag von TuS [&hellip;]<\/p>\n","protected":false},"author":1,"featured_media":2268,"comment_status":"closed","ping_status":"closed","sticky":false,"template":"","format":"standard","meta":[],"categories":[58],"tags":[],"wps_subtitle":"","_links":{"self":[{"href":"http:\/\/archiv.tus-jahn-hilfarth.de\/index.php\/wp-json\/wp\/v2\/posts\/2267"}],"collection":[{"href":"http:\/\/archiv.tus-jahn-hilfarth.de\/index.php\/wp-json\/wp\/v2\/posts"}],"about":[{"href":"http:\/\/archiv.tus-jahn-hilfarth.de\/index.php\/wp-json\/wp\/v2\/types\/post"}],"author":[{"embeddable":true,"href":"http:\/\/archiv.tus-jahn-hilfarth.de\/index.php\/wp-json\/wp\/v2\/users\/1"}],"replies":[{"embeddable":true,"href":"http:\/\/archiv.tus-jahn-hilfarth.de\/index.php\/wp-json\/wp\/v2\/comments?post=2267"}],"version-history":[{"count":5,"href":"http:\/\/archiv.tus-jahn-hilfarth.de\/index.php\/wp-json\/wp\/v2\/posts\/2267\/revisions"}],"predecessor-version":[{"id":2304,"href":"http:\/\/archiv.tus-jahn-hilfarth.de\/index.php\/wp-json\/wp\/v2\/posts\/2267\/revisions\/2304"}],"wp:featuredmedia":[{"embeddable":true,"href":"http:\/\/archiv.tus-jahn-hilfarth.de\/index.php\/wp-json\/wp\/v2\/media\/2268"}],"wp:attachment":[{"href":"http:\/\/archiv.tus-jahn-hilfarth.de\/index.php\/wp-json\/wp\/v2\/media?parent=2267"}],"wp:term":[{"taxonomy":"category","embeddable":true,"href":"http:\/\/archiv.tus-jahn-hilfarth.de\/index.php\/wp-json\/wp\/v2\/categories?post=2267"},{"taxonomy":"post_tag","embeddable":true,"href":"http:\/\/archiv.tus-jahn-hilfarth.de\/index.php\/wp-json\/wp\/v2\/tags?post=2267"}],"curies":[{"name":"wp","href":"https:\/\/api.w.org\/{rel}","templated":true}]}}