{"id":2503,"date":"2014-11-10T00:00:08","date_gmt":"2014-11-09T22:00:08","guid":{"rendered":"http:\/\/tus-jahn-hilfarth.de\/?p=2503"},"modified":"2014-11-29T18:01:29","modified_gmt":"2014-11-29T16:01:29","slug":"fest-in-blau-weiss","status":"publish","type":"post","link":"http:\/\/archiv.tus-jahn-hilfarth.de\/index.php\/fest-in-blau-weiss\/","title":{"rendered":"Fest in blau + wei\u00df"},"content":{"rendered":"<figure id=\"attachment_2512\" aria-describedby=\"caption-attachment-2512\" style=\"width: 388px\" class=\"wp-caption alignleft\"><a href=\"http:\/\/tus-jahn-hilfarth.de\/wp-content\/uploads\/2014\/11\/2014-11-08-035.jpg\"><img loading=\"lazy\" class=\"wp-image-2512\" src=\"http:\/\/tus-jahn-hilfarth.de\/wp-content\/uploads\/2014\/11\/2014-11-08-035-300x200.jpg\" alt=\"\" width=\"388\" height=\"258\" srcset=\"http:\/\/archiv.tus-jahn-hilfarth.de\/wp-content\/uploads\/2014\/11\/2014-11-08-035-300x200.jpg 300w, http:\/\/archiv.tus-jahn-hilfarth.de\/wp-content\/uploads\/2014\/11\/2014-11-08-035-1024x682.jpg 1024w\" sizes=\"(max-width: 388px) 100vw, 388px\" \/><\/a><figcaption id=\"caption-attachment-2512\" class=\"wp-caption-text\">15-j\u00e4hrige Mitgliedschaft 2. Vorsitzender. Achim Sodekamp, Beisitzer J\u00fcrgen Meuser, Gesch\u00e4ftsf\u00fchrer Kai Lengersdorf, 1. Vorsitzender Dirk Hermsmeier, Ehrender Rolf Hermandung, Ehrender Kevin L\u00fcck, Ehrender Ralf Lennartz, Ehrender Yannick Berghofen, Ehrender Hendrik Hasse, Ehrender Martin M\u00fchlenbruch, Ehrende Angelika Salaff, Gesamt-Jugendleiter Arndt Holten<\/figcaption><\/figure>\n<p>Das war ein Fest. Aus allen Abteilungen str\u00f6mten gestern die Vereinsmitglieder in den Saal von Windelen in Hilfarth. Bei bester Stimmung wurden viele unserer Vereinsmitglieder geehrt. Leider konnten sich nicht\u00a0alle zu Ehrenden den Termin frei halten, aber f\u00fcr die, die gestern Abend da waren, war es doch eine sch\u00f6ne Gelegenheit auf viele Jahre Vereinsmitgliedschaft zur\u00fcck zu blicken.<\/p>\n<figure id=\"attachment_2514\" aria-describedby=\"caption-attachment-2514\" style=\"width: 373px\" class=\"wp-caption alignright\"><a href=\"http:\/\/tus-jahn-hilfarth.de\/wp-content\/uploads\/2014\/11\/2014-11-08-064.jpg\"><img loading=\"lazy\" class=\"wp-image-2514\" src=\"http:\/\/tus-jahn-hilfarth.de\/wp-content\/uploads\/2014\/11\/2014-11-08-064-300x200.jpg\" alt=\"\" width=\"373\" height=\"248\" srcset=\"http:\/\/archiv.tus-jahn-hilfarth.de\/wp-content\/uploads\/2014\/11\/2014-11-08-064-300x200.jpg 300w, http:\/\/archiv.tus-jahn-hilfarth.de\/wp-content\/uploads\/2014\/11\/2014-11-08-064-1024x682.jpg 1024w\" sizes=\"(max-width: 373px) 100vw, 373px\" \/><\/a><figcaption id=\"caption-attachment-2514\" class=\"wp-caption-text\">Hans Kaleschke (50 Jahre Mitgliedschaft), Gesch\u00e4ftsf\u00fchrer Kai Lengersdorf, 1.Vorsitzender Dirk Hermsmeier, Gesamt-Jugendleiter Arndt Holten, Frank Gawehns (60 Jahre Mitgliedschaft), 2.Vorsitzender Achim Sodekamp, David Kraljik (25 Jahre Mitgliedschaft), Iris Kraljik (25 Jahre), Markus Z\u00fcndorf (40 Jahre).<\/figcaption><\/figure>\n<p><a href=\"http:\/\/tus-jahn-hilfarth.de\/wp-content\/uploads\/2014\/11\/2014-11-08-040.jpg\">\u00a0<\/a> Angefangen mit 15 Jahren waren hier schon viele \u00dcberzeugungst\u00e4ter dabei, die ihre Vereinskarriere schon sehr fr\u00fch im TuS Jahn begonnen hatten. Mit dem silbernen Vereinsjubil\u00e4um ging es weiter \u00fcber 40 Jahre. Sogar 50 und 60j\u00e4hrige Mitgliedschaften durften wir ehren. <a href=\"http:\/\/tus-jahn-hilfarth.de\/wp-content\/uploads\/2014\/11\/2014-11-08-040.jpg\">\u00a0<\/a><\/p>\n<p>Auch Moritz Ringk wurde aufgrund seines Deutschen Meistertitels im Blockwettkampf geehrt. Als mit j\u00fcngster Deutscher Meister in den TuS Jahn Reihen war dies schon eine besondere Ansprache wert.<\/p>\n<figure id=\"attachment_2513\" aria-describedby=\"caption-attachment-2513\" style=\"width: 284px\" class=\"wp-caption alignright\"><a href=\"http:\/\/tus-jahn-hilfarth.de\/wp-content\/uploads\/2014\/11\/2014-11-08-040.jpg\"><img loading=\"lazy\" class=\"wp-image-2513\" src=\"http:\/\/tus-jahn-hilfarth.de\/wp-content\/uploads\/2014\/11\/2014-11-08-040-300x200.jpg\" alt=\"2014-11-08 040\" width=\"284\" height=\"188\" srcset=\"http:\/\/archiv.tus-jahn-hilfarth.de\/wp-content\/uploads\/2014\/11\/2014-11-08-040-300x200.jpg 300w, http:\/\/archiv.tus-jahn-hilfarth.de\/wp-content\/uploads\/2014\/11\/2014-11-08-040-1024x682.jpg 1024w\" sizes=\"(max-width: 284px) 100vw, 284px\" \/><\/a><figcaption id=\"caption-attachment-2513\" class=\"wp-caption-text\">Moritz Ringk, Deutscher Meister 2014 im Blockmehrkampf<\/figcaption><\/figure>\n<p>Nach den Ehrungen kam der DJ so richtig zum Einsatz. Auch wenn es noch nicht zu t\u00e4nzerischen Einlagen kam, war die Stimmung gut. Zu erz\u00e4hlen gab es genug.<\/p>\n<figure id=\"attachment_2516\" aria-describedby=\"caption-attachment-2516\" style=\"width: 286px\" class=\"wp-caption alignleft\"><a href=\"http:\/\/tus-jahn-hilfarth.de\/wp-content\/uploads\/2014\/11\/2014-11-08-089.jpg\"><img loading=\"lazy\" class=\"wp-image-2516\" src=\"http:\/\/tus-jahn-hilfarth.de\/wp-content\/uploads\/2014\/11\/2014-11-08-089-300x200.jpg\" alt=\"2014-11-08 089\" width=\"286\" height=\"190\" srcset=\"http:\/\/archiv.tus-jahn-hilfarth.de\/wp-content\/uploads\/2014\/11\/2014-11-08-089-300x200.jpg 300w, http:\/\/archiv.tus-jahn-hilfarth.de\/wp-content\/uploads\/2014\/11\/2014-11-08-089-1024x682.jpg 1024w\" sizes=\"(max-width: 286px) 100vw, 286px\" \/><\/a><figcaption id=\"caption-attachment-2516\" class=\"wp-caption-text\">&#8220;De Kloetschk\u00f6pp&#8221; aus Klinkum<\/figcaption><\/figure>\n<p>Abgerundet wurde das Programm mit dem Kurzprogramm der &#8220;De Kloetschk\u00f6pp&#8221;. Eine karnevalistische M\u00e4nnergruppe, die Stimmungslieder rockig in den Saal trugen. Da hatten dann die H\u00e4nde eine Menge zu tun. Danach wurden die H\u00fcften auch geschmeidiger und es wurde endlich das Tanzbein geschwungen. Letzte dokumentierte Aktivit\u00e4ten wurden um 2:30 Uhr aufgezeichnet.<\/p>\n","protected":false},"excerpt":{"rendered":"<p>Das war ein Fest. Aus allen Abteilungen str\u00f6mten gestern die Vereinsmitglieder in den Saal von Windelen in Hilfarth. Bei bester Stimmung wurden viele unserer Vereinsmitglieder geehrt. Leider konnten sich nicht\u00a0alle zu Ehrenden den Termin frei halten, aber f\u00fcr die, die gestern Abend da waren, war es doch eine sch\u00f6ne Gelegenheit auf viele Jahre Vereinsmitgliedschaft zur\u00fcck [&hellip;]<\/p>\n","protected":false},"author":6,"featured_media":2514,"comment_status":"closed","ping_status":"closed","sticky":false,"template":"","format":"standard","meta":[],"categories":[60,1],"tags":[],"wps_subtitle":"","_links":{"self":[{"href":"http:\/\/archiv.tus-jahn-hilfarth.de\/index.php\/wp-json\/wp\/v2\/posts\/2503"}],"collection":[{"href":"http:\/\/archiv.tus-jahn-hilfarth.de\/index.php\/wp-json\/wp\/v2\/posts"}],"about":[{"href":"http:\/\/archiv.tus-jahn-hilfarth.de\/index.php\/wp-json\/wp\/v2\/types\/post"}],"author":[{"embeddable":true,"href":"http:\/\/archiv.tus-jahn-hilfarth.de\/index.php\/wp-json\/wp\/v2\/users\/6"}],"replies":[{"embeddable":true,"href":"http:\/\/archiv.tus-jahn-hilfarth.de\/index.php\/wp-json\/wp\/v2\/comments?post=2503"}],"version-history":[{"count":11,"href":"http:\/\/archiv.tus-jahn-hilfarth.de\/index.php\/wp-json\/wp\/v2\/posts\/2503\/revisions"}],"predecessor-version":[{"id":2629,"href":"http:\/\/archiv.tus-jahn-hilfarth.de\/index.php\/wp-json\/wp\/v2\/posts\/2503\/revisions\/2629"}],"wp:featuredmedia":[{"embeddable":true,"href":"http:\/\/archiv.tus-jahn-hilfarth.de\/index.php\/wp-json\/wp\/v2\/media\/2514"}],"wp:attachment":[{"href":"http:\/\/archiv.tus-jahn-hilfarth.de\/index.php\/wp-json\/wp\/v2\/media?parent=2503"}],"wp:term":[{"taxonomy":"category","embeddable":true,"href":"http:\/\/archiv.tus-jahn-hilfarth.de\/index.php\/wp-json\/wp\/v2\/categories?post=2503"},{"taxonomy":"post_tag","embeddable":true,"href":"http:\/\/archiv.tus-jahn-hilfarth.de\/index.php\/wp-json\/wp\/v2\/tags?post=2503"}],"curies":[{"name":"wp","href":"https:\/\/api.w.org\/{rel}","templated":true}]}}