{"id":2772,"date":"2014-11-09T22:50:34","date_gmt":"2014-11-09T20:50:34","guid":{"rendered":"http:\/\/tus-jahn-hilfarth.de\/?p=2772"},"modified":"2014-11-23T23:24:37","modified_gmt":"2014-11-23T21:24:37","slug":"8-11-14-9-crosslauf-in-der-teverener-heide","status":"publish","type":"post","link":"http:\/\/archiv.tus-jahn-hilfarth.de\/index.php\/8-11-14-9-crosslauf-in-der-teverener-heide\/","title":{"rendered":"8.11.14: 9. Crosslauf in der Teverener  Heide"},"content":{"rendered":"<p>Ein buntes Treiben gab es wieder im Teverener Wald zum Abschluss des diesj\u00e4hrigen Kreis-Cross-Cups beim LC Ph\u00f6nix Geilenkirchen. Wie immer als besonders sympathischer Gastgeber, hatte er auch f\u00fcr das passende Wetter gesorgt.<\/p>\n<p>Gef\u00fchlt war das ganze ein Sommer-Event, aber am Ende ging es mit diesem Lauf dann doch in die Winter-Saison. Bei wunderbarem Sonnenschein und fr\u00fchlings\u00e4hnlichen Temperaturen, war die Trikotwahl nicht leicht.<\/p>\n<p>Aber dies beeintr\u00e4chtigte nicht die Leistung unserer TuS Jahn Sportler und Sportlerinnen.<\/p>\n<p>Diesmal gingen die Siegerpl\u00e4tze wieder an Johanna, Michelle und Karina.<\/p>\n<p>Aber auch alle anderen haben sich prima geschlagen. Auch unsere Senioren mit Stephan und Hans waren aktiv und gesellten sich mit vielen anderen L\u00e4ufern auf die lange Distanz von\u00a0ca. 9,2 km.<\/p>\n<p style=\"text-align: center;\"><a href=\"http:\/\/tus-jahn-hilfarth.de\/wp-content\/uploads\/2014\/11\/IMG_0256.jpg\"><img loading=\"lazy\" class=\"size-medium wp-image-2509\" src=\"http:\/\/tus-jahn-hilfarth.de\/wp-content\/uploads\/2014\/11\/IMG_0256-300x225.jpg\" alt=\"IMG_0256\" width=\"300\" height=\"225\" srcset=\"http:\/\/archiv.tus-jahn-hilfarth.de\/wp-content\/uploads\/2014\/11\/IMG_0256-300x225.jpg 300w, http:\/\/archiv.tus-jahn-hilfarth.de\/wp-content\/uploads\/2014\/11\/IMG_0256-1024x768.jpg 1024w\" sizes=\"(max-width: 300px) 100vw, 300px\" \/><\/a> <a href=\"http:\/\/tus-jahn-hilfarth.de\/wp-content\/uploads\/2014\/11\/IMG_0244.jpg\"><img loading=\"lazy\" class=\"size-medium wp-image-2506\" src=\"http:\/\/tus-jahn-hilfarth.de\/wp-content\/uploads\/2014\/11\/IMG_0244-300x225.jpg\" alt=\"IMG_0244\" width=\"300\" height=\"225\" srcset=\"http:\/\/archiv.tus-jahn-hilfarth.de\/wp-content\/uploads\/2014\/11\/IMG_0244-300x225.jpg 300w, http:\/\/archiv.tus-jahn-hilfarth.de\/wp-content\/uploads\/2014\/11\/IMG_0244-1024x768.jpg 1024w\" sizes=\"(max-width: 300px) 100vw, 300px\" \/><\/a> <a href=\"http:\/\/tus-jahn-hilfarth.de\/wp-content\/uploads\/2014\/11\/IMG_0239.jpg\"><img loading=\"lazy\" class=\"size-medium wp-image-2505\" src=\"http:\/\/tus-jahn-hilfarth.de\/wp-content\/uploads\/2014\/11\/IMG_0239-300x225.jpg\" alt=\"LA_IMG_0239\" width=\"300\" height=\"225\" srcset=\"http:\/\/archiv.tus-jahn-hilfarth.de\/wp-content\/uploads\/2014\/11\/IMG_0239-300x225.jpg 300w, http:\/\/archiv.tus-jahn-hilfarth.de\/wp-content\/uploads\/2014\/11\/IMG_0239-1024x768.jpg 1024w\" sizes=\"(max-width: 300px) 100vw, 300px\" \/><\/a><\/p>\n<p>&nbsp;<\/p>\n<table width=\"474\">\n<tbody>\n<tr>\n<td colspan=\"2\" width=\"394\"><strong>M9 &#8211; ca. 1050m<\/strong><\/td>\n<\/tr>\n<tr>\n<td>4.<\/td>\n<td>Reitinger, Erik<\/td>\n<td>06:01<\/td>\n<\/tr>\n<tr>\n<td colspan=\"2\"><strong>MU18 &#8211; ca. 4600m<\/strong><\/td>\n<\/tr>\n<tr>\n<td>2.<\/td>\n<td>Hanuschik, Oliver<\/td>\n<td>16:09<\/td>\n<\/tr>\n<tr>\n<td>5.<\/td>\n<td>Schmitz, Patrik<\/td>\n<td>20:53<\/td>\n<\/tr>\n<tr>\n<td>6.<\/td>\n<td>Graf, Patrick<\/td>\n<td>21:09<\/td>\n<\/tr>\n<tr>\n<td colspan=\"2\"><strong>Senioren M45 &#8211; ca. 9200m<\/strong><\/td>\n<\/tr>\n<tr>\n<td>2.<\/td>\n<td>Wicht, Stephan<\/td>\n<td>40:25<\/td>\n<\/tr>\n<tr>\n<td colspan=\"2\"><strong>Senioren M70 &#8211; ca. 9200m<\/strong><\/td>\n<\/tr>\n<tr>\n<td>2.<\/td>\n<td>Hans Zymbala<\/td>\n<td>0:55:47<\/td>\n<\/tr>\n<tr>\n<td colspan=\"2\"><strong>Kinder W10 &#8211; ca. 1050m<\/strong><\/td>\n<\/tr>\n<tr>\n<td>1.<\/td>\n<td>Helf, Johanna<\/td>\n<td>05:12<\/td>\n<\/tr>\n<tr>\n<td>2.<\/td>\n<td>Horsten, Louisa<\/td>\n<td>05:15<\/td>\n<\/tr>\n<tr>\n<td>6.<\/td>\n<td>Morsbach, Vanessa<\/td>\n<td>05:41<\/td>\n<\/tr>\n<tr>\n<td colspan=\"2\"><strong>Kinder W11 &#8211; ca. 1050m<\/strong><\/td>\n<\/tr>\n<tr>\n<td>1.<\/td>\n<td>Graf, Michelle<\/td>\n<td>05:19<\/td>\n<\/tr>\n<tr>\n<td colspan=\"2\"><strong>Jugend W12 &#8211; ca. 2300m<\/strong><\/td>\n<\/tr>\n<tr>\n<td>1.<\/td>\n<td>Meindorfner, Karina<\/td>\n<td>09:47<\/td>\n<\/tr>\n<tr>\n<td>2.<\/td>\n<td>Reitinger, Annika<\/td>\n<td>10:16<\/td>\n<\/tr>\n<\/tbody>\n<\/table>\n","protected":false},"excerpt":{"rendered":"<p>Ein buntes Treiben gab es wieder im Teverener Wald zum Abschluss des diesj\u00e4hrigen Kreis-Cross-Cups beim LC Ph\u00f6nix Geilenkirchen. Wie immer als besonders sympathischer Gastgeber, hatte er auch f\u00fcr das passende Wetter gesorgt. Gef\u00fchlt war das ganze ein Sommer-Event, aber am Ende ging es mit diesem Lauf dann doch in die Winter-Saison. Bei wunderbarem Sonnenschein und [&hellip;]<\/p>\n","protected":false},"author":6,"featured_media":0,"comment_status":"closed","ping_status":"closed","sticky":false,"template":"","format":"standard","meta":[],"categories":[39,60],"tags":[101,107,92,120,104,88,116,84,126,89,133,127],"wps_subtitle":"","_links":{"self":[{"href":"http:\/\/archiv.tus-jahn-hilfarth.de\/index.php\/wp-json\/wp\/v2\/posts\/2772"}],"collection":[{"href":"http:\/\/archiv.tus-jahn-hilfarth.de\/index.php\/wp-json\/wp\/v2\/posts"}],"about":[{"href":"http:\/\/archiv.tus-jahn-hilfarth.de\/index.php\/wp-json\/wp\/v2\/types\/post"}],"author":[{"embeddable":true,"href":"http:\/\/archiv.tus-jahn-hilfarth.de\/index.php\/wp-json\/wp\/v2\/users\/6"}],"replies":[{"embeddable":true,"href":"http:\/\/archiv.tus-jahn-hilfarth.de\/index.php\/wp-json\/wp\/v2\/comments?post=2772"}],"version-history":[{"count":4,"href":"http:\/\/archiv.tus-jahn-hilfarth.de\/index.php\/wp-json\/wp\/v2\/posts\/2772\/revisions"}],"predecessor-version":[{"id":2781,"href":"http:\/\/archiv.tus-jahn-hilfarth.de\/index.php\/wp-json\/wp\/v2\/posts\/2772\/revisions\/2781"}],"wp:attachment":[{"href":"http:\/\/archiv.tus-jahn-hilfarth.de\/index.php\/wp-json\/wp\/v2\/media?parent=2772"}],"wp:term":[{"taxonomy":"category","embeddable":true,"href":"http:\/\/archiv.tus-jahn-hilfarth.de\/index.php\/wp-json\/wp\/v2\/categories?post=2772"},{"taxonomy":"post_tag","embeddable":true,"href":"http:\/\/archiv.tus-jahn-hilfarth.de\/index.php\/wp-json\/wp\/v2\/tags?post=2772"}],"curies":[{"name":"wp","href":"https:\/\/api.w.org\/{rel}","templated":true}]}}