{"id":2784,"date":"2014-11-15T23:26:24","date_gmt":"2014-11-15T21:26:24","guid":{"rendered":"http:\/\/tus-jahn-hilfarth.de\/?p=2784"},"modified":"2014-11-23T23:48:59","modified_gmt":"2014-11-23T21:48:59","slug":"15-11-14-19-adolfoseelauf","status":"publish","type":"post","link":"http:\/\/archiv.tus-jahn-hilfarth.de\/index.php\/15-11-14-19-adolfoseelauf\/","title":{"rendered":"15.11.14: 19. Adolfoseelauf"},"content":{"rendered":"<p>Auch dieses Jahr fand der 19. Adolfosee-Lauf mit breiter Unterst\u00fctzung des Kreises statt. Vertreter des TV Erkelenz, VSV Wegberg und auch des TuS Jahn waren dabei, um den Lauf mit Siegerehrung, Cafeteria und Lauforga um Kurt Rheinfelder und noch einigen Mitgliedern des LAV m\u00f6glich zu machen.<\/p>\n<p>Der landschaftlich reizende Lauf in H\u00fcckelhoven Ratheim hat eine 19 j\u00e4hrige Tradition und ist f\u00fcr den Mitglieder-reduzierten LAV alleine nicht mehr zu stemmen. Aber wie im letzten Jahr ist dies nur eine Sache des Wollens und Helfer und Helferinnen aus dem Kreis standen bereit.<\/p>\n<p>Neben zwei Cafeteria-Athleteninnen (Gerda &amp; Steffi) waren auch Sportlerinnen und Sportler des TuS Jahn auf den Runden um den See zu sichten.<\/p>\n<p>Annika konnte hier mit einem Start\/Ziel-Sieg in ihrer Altersklasse\u00a0den ersten Platz sichern. Schade nur, dass es wenig Konkurrenz gab;-) das Gleiche galt f\u00fcr Patrick.<\/p>\n<p>Premiere hatte unser Neuzugang, Julia Meth, die sich mit viel Elan und Spa\u00df auf der Bambinirunde einbrachte<\/p>\n<p>Stefan dagegen konnte sich gegen seine Altersklassenkonkurrenz \u00fcberzeugend durchsetzen.<\/p>\n<p>&nbsp;<\/p>\n<table width=\"474\">\n<tbody>\n<tr>\n<td colspan=\"2\" width=\"394\">10 km Stra\u00dfenlauf<\/td>\n<\/tr>\n<tr>\n<td><\/td>\n<td>\u00a0Nicole Houben<\/td>\n<td>48:23<\/td>\n<\/tr>\n<tr>\n<td><\/td>\n<td>\u00a0Stefan B\u00fcrger<\/td>\n<td>42:32<\/td>\n<\/tr>\n<tr>\n<td><\/td>\n<td>\u00a0Hubert Goertz<\/td>\n<td>44:24<\/td>\n<\/tr>\n<tr>\n<td><\/td>\n<td>\u00a0Hans Zymbala<\/td>\n<td>57:00<\/td>\n<\/tr>\n<tr>\n<td colspan=\"2\">2 km Stra\u00dfenlauf<\/td>\n<\/tr>\n<tr>\n<td><\/td>\n<td>Annika Reitinger<\/td>\n<td>08:46<\/td>\n<\/tr>\n<tr>\n<td colspan=\"2\">5 km Stra\u00dfenlauf<\/td>\n<\/tr>\n<tr>\n<td><\/td>\n<td>Patrick Schmitz<\/td>\n<td>22:24<\/td>\n<\/tr>\n<tr>\n<td><\/td>\n<td>Rolf Schmitz<\/td>\n<td>29:20<\/td>\n<\/tr>\n<tr>\n<td colspan=\"2\">Bambini 450 m<\/td>\n<\/tr>\n<tr>\n<td><\/td>\n<td>\u00a0Julia Meth<\/td>\n<td>02:05<\/td>\n<\/tr>\n<tr>\n<td><\/td>\n<td>\u00a0Lukas Arnold<\/td>\n<td>02:00<\/td>\n<\/tr>\n<tr>\n<td colspan=\"2\">Kinder U12 900m<\/td>\n<\/tr>\n<tr>\n<td><\/td>\n<\/tr>\n<tr>\n<td><\/td>\n<td>Erik Reitinger<\/td>\n<td>04:02<\/td>\n<\/tr>\n<tr>\n<td><\/td>\n<td>Nikita Pritchin<\/td>\n<td>04:49<\/td>\n<\/tr>\n<\/tbody>\n<\/table>\n<p>&nbsp;<\/p>\n<p>&nbsp;<\/p>\n","protected":false},"excerpt":{"rendered":"<p>Auch dieses Jahr fand der 19. Adolfosee-Lauf mit breiter Unterst\u00fctzung des Kreises statt. Vertreter des TV Erkelenz, VSV Wegberg und auch des TuS Jahn waren dabei, um den Lauf mit Siegerehrung, Cafeteria und Lauforga um Kurt Rheinfelder und noch einigen Mitgliedern des LAV m\u00f6glich zu machen. Der landschaftlich reizende Lauf in H\u00fcckelhoven Ratheim hat eine [&hellip;]<\/p>\n","protected":false},"author":6,"featured_media":0,"comment_status":"closed","ping_status":"closed","sticky":false,"template":"","format":"standard","meta":[],"categories":[39,60],"tags":[135,93,130,131,134,136,84,126,89,132,127],"wps_subtitle":"","_links":{"self":[{"href":"http:\/\/archiv.tus-jahn-hilfarth.de\/index.php\/wp-json\/wp\/v2\/posts\/2784"}],"collection":[{"href":"http:\/\/archiv.tus-jahn-hilfarth.de\/index.php\/wp-json\/wp\/v2\/posts"}],"about":[{"href":"http:\/\/archiv.tus-jahn-hilfarth.de\/index.php\/wp-json\/wp\/v2\/types\/post"}],"author":[{"embeddable":true,"href":"http:\/\/archiv.tus-jahn-hilfarth.de\/index.php\/wp-json\/wp\/v2\/users\/6"}],"replies":[{"embeddable":true,"href":"http:\/\/archiv.tus-jahn-hilfarth.de\/index.php\/wp-json\/wp\/v2\/comments?post=2784"}],"version-history":[{"count":1,"href":"http:\/\/archiv.tus-jahn-hilfarth.de\/index.php\/wp-json\/wp\/v2\/posts\/2784\/revisions"}],"predecessor-version":[{"id":2785,"href":"http:\/\/archiv.tus-jahn-hilfarth.de\/index.php\/wp-json\/wp\/v2\/posts\/2784\/revisions\/2785"}],"wp:attachment":[{"href":"http:\/\/archiv.tus-jahn-hilfarth.de\/index.php\/wp-json\/wp\/v2\/media?parent=2784"}],"wp:term":[{"taxonomy":"category","embeddable":true,"href":"http:\/\/archiv.tus-jahn-hilfarth.de\/index.php\/wp-json\/wp\/v2\/categories?post=2784"},{"taxonomy":"post_tag","embeddable":true,"href":"http:\/\/archiv.tus-jahn-hilfarth.de\/index.php\/wp-json\/wp\/v2\/tags?post=2784"}],"curies":[{"name":"wp","href":"https:\/\/api.w.org\/{rel}","templated":true}]}}