{"id":3017,"date":"2014-12-10T00:29:15","date_gmt":"2014-12-09T22:29:15","guid":{"rendered":"http:\/\/tus-jahn-hilfarth.de\/?p=3017"},"modified":"2014-12-18T00:41:31","modified_gmt":"2014-12-17T22:41:31","slug":"7-12-14-winterlaufserie-in-wegberg-gestartet","status":"publish","type":"post","link":"http:\/\/archiv.tus-jahn-hilfarth.de\/index.php\/7-12-14-winterlaufserie-in-wegberg-gestartet\/","title":{"rendered":"7.12.14: Winterlaufserie in Wegberg gestartet"},"content":{"rendered":"<p>Mit der Kreismeisterschaft im Stra\u00dfenlauf startete die Winterlaufserie in Wegberg.<\/p>\n<p>Mit Nicole und Hans konnten wir\u00a0das Kreismeisterkonto der &#8220;Gro\u00dfen&#8221; f\u00fcr dieses Jahr noch einmal aufbessern.<\/p>\n<p>F\u00fcr die &#8220;Kleinen&#8221; brachten Johanna und Annika den Pokal mit nach Hause.<\/p>\n<p>Tolle Leistungen waren es auch bei allen anderen, die auch teilweise ihre pers\u00f6nlichen Bestleistungen des Jahres noch einmal &#8220;aufm\u00f6beln&#8221; konnten.<\/p>\n<p>&nbsp;<\/p>\n<table style=\"height: 819px;\" width=\"369\">\n<tbody>\n<tr>\n<td width=\"80\">10 km Stra\u00dfenlauf<\/td>\n<\/tr>\n<tr>\n<td>Nicole Houben 1971\u00a0 0:47:39 (Kreismeisterin)<\/td>\n<\/tr>\n<tr>\n<td>Sven Heutz 1974 0:47:50<\/td>\n<\/tr>\n<tr>\n<td>Hubert Goertz 1966\u00a0 0:43:49<\/td>\n<\/tr>\n<tr>\n<td>Hans Zymbala 1944\u00a00:58:14 (Kreismeister)<\/td>\n<\/tr>\n<tr>\n<td>5 km Stra\u00dfenlauf<\/td>\n<\/tr>\n<tr>\n<td>Johanna Helf 2004\u00a0 0:25:51 (Kreismeisterin)<\/td>\n<\/tr>\n<tr>\n<td>Vanessa Morsbach 2004 0:25:53<\/td>\n<\/tr>\n<tr>\n<td>Louisa Horsten 2004\u00a0 0:25:57<\/td>\n<\/tr>\n<tr>\n<td>Annika Reitinger 2002\u00a0 0:23:38 (Kreismeisterin)<\/td>\n<\/tr>\n<tr>\n<td>Monika Reitinger 1969\u00a0 0:29:43<\/td>\n<\/tr>\n<tr>\n<td>Patrick Schmitz 1997\u00a0 0:21:18<\/td>\n<\/tr>\n<tr>\n<td>ca. 4200m &#8211; M9<\/td>\n<\/tr>\n<tr>\n<td>Erik Reitinger 2005\u00a0 0:21:39<\/td>\n<\/tr>\n<\/tbody>\n<\/table>\n","protected":false},"excerpt":{"rendered":"<p>Mit der Kreismeisterschaft im Stra\u00dfenlauf startete die Winterlaufserie in Wegberg. Mit Nicole und Hans konnten wir\u00a0das Kreismeisterkonto der &#8220;Gro\u00dfen&#8221; f\u00fcr dieses Jahr noch einmal aufbessern. F\u00fcr die &#8220;Kleinen&#8221; brachten Johanna und Annika den Pokal mit nach Hause. Tolle Leistungen waren es auch bei allen anderen, die auch teilweise ihre pers\u00f6nlichen Bestleistungen des Jahres noch einmal [&hellip;]<\/p>\n","protected":false},"author":6,"featured_media":0,"comment_status":"closed","ping_status":"closed","sticky":false,"template":"","format":"standard","meta":[],"categories":[39,60],"tags":[130,120,140,104,131,116,84,126,139,89,127],"wps_subtitle":"","_links":{"self":[{"href":"http:\/\/archiv.tus-jahn-hilfarth.de\/index.php\/wp-json\/wp\/v2\/posts\/3017"}],"collection":[{"href":"http:\/\/archiv.tus-jahn-hilfarth.de\/index.php\/wp-json\/wp\/v2\/posts"}],"about":[{"href":"http:\/\/archiv.tus-jahn-hilfarth.de\/index.php\/wp-json\/wp\/v2\/types\/post"}],"author":[{"embeddable":true,"href":"http:\/\/archiv.tus-jahn-hilfarth.de\/index.php\/wp-json\/wp\/v2\/users\/6"}],"replies":[{"embeddable":true,"href":"http:\/\/archiv.tus-jahn-hilfarth.de\/index.php\/wp-json\/wp\/v2\/comments?post=3017"}],"version-history":[{"count":1,"href":"http:\/\/archiv.tus-jahn-hilfarth.de\/index.php\/wp-json\/wp\/v2\/posts\/3017\/revisions"}],"predecessor-version":[{"id":3018,"href":"http:\/\/archiv.tus-jahn-hilfarth.de\/index.php\/wp-json\/wp\/v2\/posts\/3017\/revisions\/3018"}],"wp:attachment":[{"href":"http:\/\/archiv.tus-jahn-hilfarth.de\/index.php\/wp-json\/wp\/v2\/media?parent=3017"}],"wp:term":[{"taxonomy":"category","embeddable":true,"href":"http:\/\/archiv.tus-jahn-hilfarth.de\/index.php\/wp-json\/wp\/v2\/categories?post=3017"},{"taxonomy":"post_tag","embeddable":true,"href":"http:\/\/archiv.tus-jahn-hilfarth.de\/index.php\/wp-json\/wp\/v2\/tags?post=3017"}],"curies":[{"name":"wp","href":"https:\/\/api.w.org\/{rel}","templated":true}]}}