{"id":4116,"date":"2015-03-28T12:38:44","date_gmt":"2015-03-28T11:38:44","guid":{"rendered":"http:\/\/tus-jahn-hilfarth.de\/?p=4116"},"modified":"2015-03-29T19:48:16","modified_gmt":"2015-03-29T18:48:16","slug":"rasenplatz-wird-aufgearbeitet-ab-31-maerz-geht-es-wieder-los","status":"publish","type":"post","link":"http:\/\/archiv.tus-jahn-hilfarth.de\/index.php\/rasenplatz-wird-aufgearbeitet-ab-31-maerz-geht-es-wieder-los\/","title":{"rendered":"Rasenplatz ab 31. 3. wieder bespielbar"},"content":{"rendered":"<p>Bis zum Montag, den 30. M\u00e4rz 2015 kann der Rasenplatz an der Callstra\u00dfe nicht bespielt werden.<\/p>\n<p>Aufbereitungsarbeiten machen diese Sperrung notwendig. Wir hoffen, dass diese Arbeiten den Platz dauerhaft gegen Witterungseinfl\u00fcsse best\u00e4ndiger machen.<\/p>\n<p>Bei einer gemeinsamen Begehung von Olli Hermsmeier und Herrn Welfers vom Tief- und Stra\u00dfenbauamt der Stadt H\u00fcckelhoven\u00a0 tauschte man sich \u00fcber die Probleme auf dem Platz aus und diskutierte die nun angegangenen L\u00f6sungen.<\/p>\n<p><a href=\"http:\/\/tus-jahn-hilfarth.de\/wp-content\/uploads\/2015\/03\/Platz_20150328_Akkupunktur.jpg\" rel=\"attachment wp-att-4119\"><img loading=\"lazy\" class=\"  alignleft wp-image-4119\" src=\"http:\/\/tus-jahn-hilfarth.de\/wp-content\/uploads\/2015\/03\/Platz_20150328_Akkupunktur-300x225.jpg\" alt=\"Platz_20150328_Akkupunktur\" width=\"223\" height=\"167\" srcset=\"http:\/\/archiv.tus-jahn-hilfarth.de\/wp-content\/uploads\/2015\/03\/Platz_20150328_Akkupunktur-300x225.jpg 300w, http:\/\/archiv.tus-jahn-hilfarth.de\/wp-content\/uploads\/2015\/03\/Platz_20150328_Akkupunktur-128x96.jpg 128w, http:\/\/archiv.tus-jahn-hilfarth.de\/wp-content\/uploads\/2015\/03\/Platz_20150328_Akkupunktur-32x24.jpg 32w, http:\/\/archiv.tus-jahn-hilfarth.de\/wp-content\/uploads\/2015\/03\/Platz_20150328_Akkupunktur-400x300.jpg 400w, http:\/\/archiv.tus-jahn-hilfarth.de\/wp-content\/uploads\/2015\/03\/Platz_20150328_Akkupunktur.jpg 640w\" sizes=\"(max-width: 223px) 100vw, 223px\" \/><\/a>Mit der &#8220;Akkupunktur&#8221; des Platzes hofft man, den Platz dauerhaft wieder von einem stehenden Gew\u00e4sser in einen Sportplatz verwandeln zu k\u00f6nnen \ud83d\ude09<\/p>\n<p>Nat\u00fcrlich ist mit dieser einmaligen Aktion der Platz nicht dauerhaft von &#8220;Spielpausen&#8221; befreit. Daher steht heute schon fest, dass der Platz nach der Saison ab 16. Juni 2015 erst einmal bis auf Weiteres gesperrt sein wird. Dann werden noch einmal grundlegende Sanierungsarbeiten vorgenommen.<\/p>\n","protected":false},"excerpt":{"rendered":"<p>Bis zum Montag, den 30. M\u00e4rz 2015 kann der Rasenplatz an der Callstra\u00dfe nicht bespielt werden. Aufbereitungsarbeiten machen diese Sperrung notwendig. Wir hoffen, dass diese Arbeiten den Platz dauerhaft gegen Witterungseinfl\u00fcsse best\u00e4ndiger machen. Bei einer gemeinsamen Begehung von Olli Hermsmeier und Herrn Welfers vom Tief- und Stra\u00dfenbauamt der Stadt H\u00fcckelhoven\u00a0 tauschte man sich \u00fcber die [&hellip;]<\/p>\n","protected":false},"author":6,"featured_media":4120,"comment_status":"closed","ping_status":"closed","sticky":false,"template":"","format":"standard","meta":[],"categories":[29,13,60,1],"tags":[],"wps_subtitle":"","_links":{"self":[{"href":"http:\/\/archiv.tus-jahn-hilfarth.de\/index.php\/wp-json\/wp\/v2\/posts\/4116"}],"collection":[{"href":"http:\/\/archiv.tus-jahn-hilfarth.de\/index.php\/wp-json\/wp\/v2\/posts"}],"about":[{"href":"http:\/\/archiv.tus-jahn-hilfarth.de\/index.php\/wp-json\/wp\/v2\/types\/post"}],"author":[{"embeddable":true,"href":"http:\/\/archiv.tus-jahn-hilfarth.de\/index.php\/wp-json\/wp\/v2\/users\/6"}],"replies":[{"embeddable":true,"href":"http:\/\/archiv.tus-jahn-hilfarth.de\/index.php\/wp-json\/wp\/v2\/comments?post=4116"}],"version-history":[{"count":9,"href":"http:\/\/archiv.tus-jahn-hilfarth.de\/index.php\/wp-json\/wp\/v2\/posts\/4116\/revisions"}],"predecessor-version":[{"id":4154,"href":"http:\/\/archiv.tus-jahn-hilfarth.de\/index.php\/wp-json\/wp\/v2\/posts\/4116\/revisions\/4154"}],"wp:featuredmedia":[{"embeddable":true,"href":"http:\/\/archiv.tus-jahn-hilfarth.de\/index.php\/wp-json\/wp\/v2\/media\/4120"}],"wp:attachment":[{"href":"http:\/\/archiv.tus-jahn-hilfarth.de\/index.php\/wp-json\/wp\/v2\/media?parent=4116"}],"wp:term":[{"taxonomy":"category","embeddable":true,"href":"http:\/\/archiv.tus-jahn-hilfarth.de\/index.php\/wp-json\/wp\/v2\/categories?post=4116"},{"taxonomy":"post_tag","embeddable":true,"href":"http:\/\/archiv.tus-jahn-hilfarth.de\/index.php\/wp-json\/wp\/v2\/tags?post=4116"}],"curies":[{"name":"wp","href":"https:\/\/api.w.org\/{rel}","templated":true}]}}