{"id":4127,"date":"2015-03-28T13:42:51","date_gmt":"2015-03-28T12:42:51","guid":{"rendered":"http:\/\/tus-jahn-hilfarth.de\/?p=4127"},"modified":"2015-03-29T19:43:54","modified_gmt":"2015-03-29T18:43:54","slug":"leichtathleten-zum-trainingslager-aufgebrochen","status":"publish","type":"post","link":"http:\/\/archiv.tus-jahn-hilfarth.de\/index.php\/leichtathleten-zum-trainingslager-aufgebrochen\/","title":{"rendered":"Leichtathleten im Trainingslager angekommen"},"content":{"rendered":"<figure id=\"attachment_4133\" aria-describedby=\"caption-attachment-4133\" style=\"width: 300px\" class=\"wp-caption alignright\"><a href=\"http:\/\/tus-jahn-hilfarth.de\/wp-content\/uploads\/2015\/03\/LA_20150328.jpg\"><img loading=\"lazy\" class=\"wp-image-4133 size-medium\" src=\"http:\/\/tus-jahn-hilfarth.de\/wp-content\/uploads\/2015\/03\/LA_20150328-300x169.jpg\" alt=\"Na, da wird dann wohl keiner mehr wegkommen. TuS Jahn leuchtet in Saarbr\u00fccken!\" width=\"300\" height=\"169\" srcset=\"http:\/\/archiv.tus-jahn-hilfarth.de\/wp-content\/uploads\/2015\/03\/LA_20150328-300x169.jpg 300w, http:\/\/archiv.tus-jahn-hilfarth.de\/wp-content\/uploads\/2015\/03\/LA_20150328-1024x576.jpg 1024w, http:\/\/archiv.tus-jahn-hilfarth.de\/wp-content\/uploads\/2015\/03\/LA_20150328-128x72.jpg 128w, http:\/\/archiv.tus-jahn-hilfarth.de\/wp-content\/uploads\/2015\/03\/LA_20150328-32x18.jpg 32w, http:\/\/archiv.tus-jahn-hilfarth.de\/wp-content\/uploads\/2015\/03\/LA_20150328-1250x703.jpg 1250w, http:\/\/archiv.tus-jahn-hilfarth.de\/wp-content\/uploads\/2015\/03\/LA_20150328-400x225.jpg 400w\" sizes=\"(max-width: 300px) 100vw, 300px\" \/><\/a><figcaption id=\"caption-attachment-4133\" class=\"wp-caption-text\">Na, da wird dann wohl keiner mehr wegkommen.<br \/> TuS Jahn leuchtet in Saarbr\u00fccken!<\/figcaption><\/figure>\n<p>Heute morgen halb zehn ging es zum mittlerweile Tradition gewordenen Ostertrainingslager der Leichtathleten. Auch dieses Jahr wird die Gruppe ab U14 ihre Zeit in Saarbr\u00fccken verbringen.<\/p>\n<p>Mit Reinhard und Rolf als Trainer und Bettina und Heike als Unterst\u00fctzung geht es mit den 12 Sportlerinnen und Sportler in die Natur und in die Halle rund um das Trainingsgel\u00e4nde in Saarbr\u00fccken.<\/p>\n<p>Ziel ist es, alle Disziplinen zu vertiefen.<\/p>\n<p>Mit dem mittlerweile &#8220;dienst\u00e4ltestem&#8221; Sportler in der Riege Patrick S., machten sich heute morgen 11 weitere auf den Weg nach Saarbr\u00fccken. Mit Patrick G., Mirko, Arne, Annika und Hannah treten noch weitere &#8220;alte Hasen&#8221; die Reise an. Insbesondere w\u00fcnschen wir aber den Neulingen Karina, Luca,Martin, Pascal, Saskia &amp; Michelle besonders viel Spa\u00df und Durchhalteverm\u00f6gen.<\/p>\n<p>Dass neben dem Training auch der Spa\u00df nicht zu kurz kommt, daf\u00fcr sorgt das Rahmenprogramm, aber nat\u00fcrlich die Gruppe auch selbst.<\/p>\n<p>Bl\u00f6d nur, dass die Truppe heute morgen nicht nur unendliche Taschen und Trainingsger\u00e4t eingepackt und mitgenommen hat, sondern auch das richtig tolle Wetter. Es sei Euch geg\u00f6nnt!<\/p>\n<p>Daher gr\u00fc\u00dfen wir Euch aus den verregneten H\u00fcckelhoven, Heinsberg und Geilenkirchen \ud83d\ude41<\/p>\n<p>&nbsp;<\/p>\n","protected":false},"excerpt":{"rendered":"<p>Heute morgen halb zehn ging es zum mittlerweile Tradition gewordenen Ostertrainingslager der Leichtathleten. Auch dieses Jahr wird die Gruppe ab U14 ihre Zeit in Saarbr\u00fccken verbringen. Mit Reinhard und Rolf als Trainer und Bettina und Heike als Unterst\u00fctzung geht es mit den 12 Sportlerinnen und Sportler in die Natur und in die Halle rund um [&hellip;]<\/p>\n","protected":false},"author":6,"featured_media":0,"comment_status":"closed","ping_status":"closed","sticky":false,"template":"","format":"standard","meta":[],"categories":[39,60],"tags":[],"wps_subtitle":"","_links":{"self":[{"href":"http:\/\/archiv.tus-jahn-hilfarth.de\/index.php\/wp-json\/wp\/v2\/posts\/4127"}],"collection":[{"href":"http:\/\/archiv.tus-jahn-hilfarth.de\/index.php\/wp-json\/wp\/v2\/posts"}],"about":[{"href":"http:\/\/archiv.tus-jahn-hilfarth.de\/index.php\/wp-json\/wp\/v2\/types\/post"}],"author":[{"embeddable":true,"href":"http:\/\/archiv.tus-jahn-hilfarth.de\/index.php\/wp-json\/wp\/v2\/users\/6"}],"replies":[{"embeddable":true,"href":"http:\/\/archiv.tus-jahn-hilfarth.de\/index.php\/wp-json\/wp\/v2\/comments?post=4127"}],"version-history":[{"count":10,"href":"http:\/\/archiv.tus-jahn-hilfarth.de\/index.php\/wp-json\/wp\/v2\/posts\/4127\/revisions"}],"predecessor-version":[{"id":4153,"href":"http:\/\/archiv.tus-jahn-hilfarth.de\/index.php\/wp-json\/wp\/v2\/posts\/4127\/revisions\/4153"}],"wp:attachment":[{"href":"http:\/\/archiv.tus-jahn-hilfarth.de\/index.php\/wp-json\/wp\/v2\/media?parent=4127"}],"wp:term":[{"taxonomy":"category","embeddable":true,"href":"http:\/\/archiv.tus-jahn-hilfarth.de\/index.php\/wp-json\/wp\/v2\/categories?post=4127"},{"taxonomy":"post_tag","embeddable":true,"href":"http:\/\/archiv.tus-jahn-hilfarth.de\/index.php\/wp-json\/wp\/v2\/tags?post=4127"}],"curies":[{"name":"wp","href":"https:\/\/api.w.org\/{rel}","templated":true}]}}