{"id":4156,"date":"2015-03-30T19:40:47","date_gmt":"2015-03-30T18:40:47","guid":{"rendered":"http:\/\/tus-jahn-hilfarth.de\/?p=4156"},"modified":"2015-04-01T19:52:16","modified_gmt":"2015-04-01T18:52:16","slug":"h-s-e-tec-stattet-jugendbetreuer-aus","status":"publish","type":"post","link":"http:\/\/archiv.tus-jahn-hilfarth.de\/index.php\/h-s-e-tec-stattet-jugendbetreuer-aus\/","title":{"rendered":"H-S-E TEC stattet Jugendbetreuer aus"},"content":{"rendered":"<p>Andr\u00e9 Steinebach,\u00a0Gesch\u00e4ftsf\u00fchrer der H-S-E Tec GmbH H\u00fcckelhoven,\u00a0freute sich am Montag, J\u00f6rg Markmann stellvertretend f\u00fcr den TuS Jahn Hilfarth, die neuen Kapuzenshirt f\u00fcr alle Jugendhelfer \u00fcbergeben zu d\u00fcrfen.<\/p>\n<p>F\u00fcr uns eine gro\u00dfe Freude, die TuS Jahn oder eigentlich auch Royal-blauen \ud83d\ude09 Shirts in Empfang nehmen zu d\u00fcrfen.<\/p>\n<p>Hiermit werden von den Bambinis bis zur B-Jugend alle Trainer und Betreuer und Betreuerin mit den neuen Shirts ausgestattet.<\/p>\n<p>Wir danken der\u00a0H-S-E TEC GmbH, dass sie uns dieses einheitliche Auftreten erm\u00f6glicht.<\/p>\n<p>&nbsp;<\/p>\n","protected":false},"excerpt":{"rendered":"<p>Andr\u00e9 Steinebach,\u00a0Gesch\u00e4ftsf\u00fchrer der H-S-E Tec GmbH H\u00fcckelhoven,\u00a0freute sich am Montag, J\u00f6rg Markmann stellvertretend f\u00fcr den TuS Jahn Hilfarth, die neuen Kapuzenshirt f\u00fcr alle Jugendhelfer \u00fcbergeben zu d\u00fcrfen. F\u00fcr uns eine gro\u00dfe Freude, die TuS Jahn oder eigentlich auch Royal-blauen \ud83d\ude09 Shirts in Empfang nehmen zu d\u00fcrfen. Hiermit werden von den Bambinis bis zur B-Jugend alle [&hellip;]<\/p>\n","protected":false},"author":6,"featured_media":4158,"comment_status":"closed","ping_status":"closed","sticky":false,"template":"","format":"standard","meta":[],"categories":[13,60],"tags":[],"wps_subtitle":"","_links":{"self":[{"href":"http:\/\/archiv.tus-jahn-hilfarth.de\/index.php\/wp-json\/wp\/v2\/posts\/4156"}],"collection":[{"href":"http:\/\/archiv.tus-jahn-hilfarth.de\/index.php\/wp-json\/wp\/v2\/posts"}],"about":[{"href":"http:\/\/archiv.tus-jahn-hilfarth.de\/index.php\/wp-json\/wp\/v2\/types\/post"}],"author":[{"embeddable":true,"href":"http:\/\/archiv.tus-jahn-hilfarth.de\/index.php\/wp-json\/wp\/v2\/users\/6"}],"replies":[{"embeddable":true,"href":"http:\/\/archiv.tus-jahn-hilfarth.de\/index.php\/wp-json\/wp\/v2\/comments?post=4156"}],"version-history":[{"count":3,"href":"http:\/\/archiv.tus-jahn-hilfarth.de\/index.php\/wp-json\/wp\/v2\/posts\/4156\/revisions"}],"predecessor-version":[{"id":4160,"href":"http:\/\/archiv.tus-jahn-hilfarth.de\/index.php\/wp-json\/wp\/v2\/posts\/4156\/revisions\/4160"}],"wp:featuredmedia":[{"embeddable":true,"href":"http:\/\/archiv.tus-jahn-hilfarth.de\/index.php\/wp-json\/wp\/v2\/media\/4158"}],"wp:attachment":[{"href":"http:\/\/archiv.tus-jahn-hilfarth.de\/index.php\/wp-json\/wp\/v2\/media?parent=4156"}],"wp:term":[{"taxonomy":"category","embeddable":true,"href":"http:\/\/archiv.tus-jahn-hilfarth.de\/index.php\/wp-json\/wp\/v2\/categories?post=4156"},{"taxonomy":"post_tag","embeddable":true,"href":"http:\/\/archiv.tus-jahn-hilfarth.de\/index.php\/wp-json\/wp\/v2\/tags?post=4156"}],"curies":[{"name":"wp","href":"https:\/\/api.w.org\/{rel}","templated":true}]}}