{"id":4353,"date":"2015-04-14T22:26:41","date_gmt":"2015-04-14T21:26:41","guid":{"rendered":"http:\/\/tus-jahn-hilfarth.de\/?p=4353"},"modified":"2015-04-15T08:18:58","modified_gmt":"2015-04-15T07:18:58","slug":"vorstandsausstattung-vervollstaendigt","status":"publish","type":"post","link":"http:\/\/archiv.tus-jahn-hilfarth.de\/index.php\/vorstandsausstattung-vervollstaendigt\/","title":{"rendered":"Vorstandsausstattung vervollst\u00e4ndigt"},"content":{"rendered":"<figure id=\"attachment_4355\" aria-describedby=\"caption-attachment-4355\" style=\"width: 169px\" class=\"wp-caption alignright\"><a href=\"http:\/\/tus-jahn-hilfarth.de\/wp-content\/uploads\/2015\/04\/Kevin_20150414.jpg\"><img loading=\"lazy\" class=\"wp-image-4355 size-medium\" src=\"http:\/\/tus-jahn-hilfarth.de\/wp-content\/uploads\/2015\/04\/Kevin_20150414-169x300.jpg\" alt=\"\" width=\"169\" height=\"300\" \/><\/a><figcaption id=\"caption-attachment-4355\" class=\"wp-caption-text\">Kevin L\u00fcck im neuen Dress<\/figcaption><\/figure>\n<figure id=\"attachment_4354\" aria-describedby=\"caption-attachment-4354\" style=\"width: 94px\" class=\"wp-caption alignleft\"><a href=\"http:\/\/tus-jahn-hilfarth.de\/wp-content\/uploads\/2015\/04\/Rene_20150414.jpg\" rel=\"attachment wp-att-4354\"><img loading=\"lazy\" class=\"wp-image-4354 size-medium\" src=\"http:\/\/tus-jahn-hilfarth.de\/wp-content\/uploads\/2015\/04\/Rene_20150414-94x300.jpg\" alt=\"\" width=\"94\" height=\"300\" srcset=\"http:\/\/archiv.tus-jahn-hilfarth.de\/wp-content\/uploads\/2015\/04\/Rene_20150414-94x300.jpg 94w, http:\/\/archiv.tus-jahn-hilfarth.de\/wp-content\/uploads\/2015\/04\/Rene_20150414-320x1024.jpg 320w, http:\/\/archiv.tus-jahn-hilfarth.de\/wp-content\/uploads\/2015\/04\/Rene_20150414-40x128.jpg 40w, http:\/\/archiv.tus-jahn-hilfarth.de\/wp-content\/uploads\/2015\/04\/Rene_20150414-10x32.jpg 10w, http:\/\/archiv.tus-jahn-hilfarth.de\/wp-content\/uploads\/2015\/04\/Rene_20150414.jpg 400w\" sizes=\"(max-width: 94px) 100vw, 94px\" \/><\/a><figcaption id=\"caption-attachment-4354\" class=\"wp-caption-text\">Kassenwart Ren\u00e9 G\u00f6rtz<\/figcaption><\/figure>\n<p>Auch Ren\u00e9 und Kevin sind jetzt mit Sport-Pulli und Jacke durch die ERGO-Agentur J\u00fcrgen Meuser versorgt. Die neue Serie l\u00e4sst die TuS Jahn Mitgliedschaft \u00fcber das Logo jetzt auch von vorne gut erkennen.<\/p>\n<p>Einen herzlichen Dank an J\u00fcrgen und auf weiterhin gute Zusammenarbeit!<\/p>\n<p>&nbsp;<\/p>\n<p>&nbsp;<\/p>\n","protected":false},"excerpt":{"rendered":"<p>Auch Ren\u00e9 und Kevin sind jetzt mit Sport-Pulli und Jacke durch die ERGO-Agentur J\u00fcrgen Meuser versorgt. Die neue Serie l\u00e4sst die TuS Jahn Mitgliedschaft \u00fcber das Logo jetzt auch von vorne gut erkennen. Einen herzlichen Dank an J\u00fcrgen und auf weiterhin gute Zusammenarbeit! &nbsp; &nbsp;<\/p>\n","protected":false},"author":6,"featured_media":0,"comment_status":"closed","ping_status":"closed","sticky":false,"template":"","format":"standard","meta":[],"categories":[60,1],"tags":[],"wps_subtitle":"Sponsoring J\u00fcrgen Meuser (ERGO) erweitert","_links":{"self":[{"href":"http:\/\/archiv.tus-jahn-hilfarth.de\/index.php\/wp-json\/wp\/v2\/posts\/4353"}],"collection":[{"href":"http:\/\/archiv.tus-jahn-hilfarth.de\/index.php\/wp-json\/wp\/v2\/posts"}],"about":[{"href":"http:\/\/archiv.tus-jahn-hilfarth.de\/index.php\/wp-json\/wp\/v2\/types\/post"}],"author":[{"embeddable":true,"href":"http:\/\/archiv.tus-jahn-hilfarth.de\/index.php\/wp-json\/wp\/v2\/users\/6"}],"replies":[{"embeddable":true,"href":"http:\/\/archiv.tus-jahn-hilfarth.de\/index.php\/wp-json\/wp\/v2\/comments?post=4353"}],"version-history":[{"count":8,"href":"http:\/\/archiv.tus-jahn-hilfarth.de\/index.php\/wp-json\/wp\/v2\/posts\/4353\/revisions"}],"predecessor-version":[{"id":4363,"href":"http:\/\/archiv.tus-jahn-hilfarth.de\/index.php\/wp-json\/wp\/v2\/posts\/4353\/revisions\/4363"}],"wp:attachment":[{"href":"http:\/\/archiv.tus-jahn-hilfarth.de\/index.php\/wp-json\/wp\/v2\/media?parent=4353"}],"wp:term":[{"taxonomy":"category","embeddable":true,"href":"http:\/\/archiv.tus-jahn-hilfarth.de\/index.php\/wp-json\/wp\/v2\/categories?post=4353"},{"taxonomy":"post_tag","embeddable":true,"href":"http:\/\/archiv.tus-jahn-hilfarth.de\/index.php\/wp-json\/wp\/v2\/tags?post=4353"}],"curies":[{"name":"wp","href":"https:\/\/api.w.org\/{rel}","templated":true}]}}