{"id":4368,"date":"2015-04-18T16:30:23","date_gmt":"2015-04-18T15:30:23","guid":{"rendered":"http:\/\/tus-jahn-hilfarth.de\/?p=4368"},"modified":"2015-04-18T20:35:17","modified_gmt":"2015-04-18T19:35:17","slug":"hermsmeier-bedankt-sich-bei-dieter-kunze","status":"publish","type":"post","link":"http:\/\/archiv.tus-jahn-hilfarth.de\/index.php\/hermsmeier-bedankt-sich-bei-dieter-kunze\/","title":{"rendered":"Hermsmeier bedankt sich bei Dieter Kunze"},"content":{"rendered":"<p>Nach jahrelanger Vorstandsarbeit hat sich Dieter Kunze bei der letzten Jahreshauptversammlung nicht mehr zur Wiederwahl gestellt. Aus diesem Anlass erkl\u00e4rt der Vereinsvorsitzende Olli Hermsmeier:<\/p>\n<p>[su_quote cite=&#8221;Olli Hermsmeier&#8221;]<img loading=\"lazy\" class=\"alignright wp-image-4374 size-thumbnail\" src=\"http:\/\/tus-jahn-hilfarth.de\/wp-content\/uploads\/2015\/04\/IMG_0070-150x150.jpg\" alt=\"Dieter Kunze\" width=\"150\" height=\"150\" \/>Der TuS Jahn Hilfarth geh\u00f6rt seit vielen Jahrzehnten f\u00fcr hunderte Menschen zum t\u00e4glichen Leben dazu. Manche beenden irgendwann ihre Arbeit f\u00fcr den Verein, f\u00fcr sie geht dann eine \u00c4ra zu Ende.<\/p>\n<p>Bei Dieter Kunze ist es anders: Mit seinem Ausscheiden aus dem Vorstand endet nicht nur f\u00fcr ihn, sondern f\u00fcr den ganzen Verein eine \u00c4ra. Wenige haben den TuS Jahn in den letzten Jahrzehnten so sehr gepr\u00e4gt wie er.<\/p>\n<p>Weit vor seiner T\u00e4tigkeit als Funktion\u00e4r feierte Dieter Kunze eigene sportliche Erfolge im blau-wei\u00dfen Trikot: 1972 wurde er mit dem TuS Jahn Meister in der Kreisliga A, es gelang der Aufstieg in die Bezirksliga.<\/p>\n<figure id=\"attachment_203\" aria-describedby=\"caption-attachment-203\" style=\"width: 150px\" class=\"wp-caption alignleft\"><img loading=\"lazy\" class=\"size-thumbnail wp-image-203\" src=\"http:\/\/tus-jahn-hilfarth.de\/wp-content\/uploads\/2014\/05\/ohermsmeier-150x150.jpg\" alt=\"Bedankt sich im Namen des Vorstandes: Olli Hermsmeier\" width=\"150\" height=\"150\" \/><figcaption id=\"caption-attachment-203\" class=\"wp-caption-text\">Bedankt sich im Namen des Vorstandes: Olli Hermsmeier<\/figcaption><\/figure>\n<p>Ende der 80er Jahre \u00fcbernahm er die Fu\u00dfball-Jugendabteilung und wurde deren Leiter. Das Jahr 1997 ist aus Vorstandssicht nicht nur deshalb markant, weil Heinz Sodekamp seine Arbeit im Gremium beendete, sondern auch, weil Dieter Kunze erstmals zum Kassenwart gew\u00e4hlt wurde. Diese Aufgabe f\u00fchrte er \u00fcber 15 Jahre lang aus, anschlie\u00dfend war er im Vorstand als Beisitzer t\u00e4tig.<\/p>\n<p>Ganz abseits von Positionen und Aufgaben: Dieter Kunze war zu jeder Zeit f\u00fcr die meisten Mitglieder erster Ansprechpartner im Verein, wusste auf fast alle Fragen eine Antwort und zu jedem Problem eine L\u00f6sung. Auch wenn er selbst nie im Mittelpunkt stehen wollte, war er trotzdem immer zur Stelle,\u00a0wenn im Verein Hilfe gebraucht wurde.<\/p>\n<p>Lieber Dieter,<\/p>\n<p>nicht nur ich, sondern auch alle Vorst\u00e4nde, die du miterlebt hast, alle Mitglieder, denen du geholfen hast, verdanken Dir viel. Ohne Dich w\u00fcrde der TuS Jahn nicht da stehen, wo er heute steht.<\/p>\n<p>Vielen Dank f\u00fcr deine Arbeit und die nicht z\u00e4hlbare Zeit, die du in den Verein investiert hast. Wir alle freuen uns auf Deine zuk\u00fcnftigen Ideen und darauf, noch lange mit Dir am Spielfeldrand zu stehen.<\/p>\n<p>Auch im Namen des ganzen Vorstandes w\u00fcnsche ich Dir alles Gute![\/su_quote]<\/p>\n<div id='gallery-1' class='gallery galleryid-4368 gallery-columns-2 gallery-size-thumbnail'><figure class='gallery-item'>\n\t\t\t<div class='gallery-icon landscape'>\n\t\t\t\t<a title=\"Dieter Kunze w\u00e4hrend aktiver Zeit\" href='http:\/\/archiv.tus-jahn-hilfarth.de\/wp-content\/uploads\/2015\/04\/image001.jpg'><img width=\"150\" height=\"150\" src=\"http:\/\/archiv.tus-jahn-hilfarth.de\/wp-content\/uploads\/2015\/04\/image001-150x150.jpg\" class=\"attachment-thumbnail size-thumbnail\" alt=\"\" loading=\"lazy\" aria-describedby=\"gallery-1-4376\" \/><\/a>\n\t\t\t<\/div>\n\t\t\t\t<figcaption class='wp-caption-text gallery-caption' id='gallery-1-4376'>\n\t\t\t\tDieter Kunze, links in der mittleren Reihe\n\t\t\t\t<\/figcaption><\/figure><figure class='gallery-item'>\n\t\t\t<div class='gallery-icon landscape'>\n\t\t\t\t<a title=\"Dieter Kunze w\u00e4hrend aktiver Zeit\" href='http:\/\/archiv.tus-jahn-hilfarth.de\/wp-content\/uploads\/2015\/04\/image001-2.jpg'><img width=\"150\" height=\"150\" src=\"http:\/\/archiv.tus-jahn-hilfarth.de\/wp-content\/uploads\/2015\/04\/image001-2-150x150.jpg\" class=\"attachment-thumbnail size-thumbnail\" alt=\"\" loading=\"lazy\" aria-describedby=\"gallery-1-4377\" \/><\/a>\n\t\t\t<\/div>\n\t\t\t\t<figcaption class='wp-caption-text gallery-caption' id='gallery-1-4377'>\n\t\t\t\tAuf diesem Bild vierter v.l. in der oberen Reihe\n\t\t\t\t<\/figcaption><\/figure>\n\t\t<\/div>\n\n","protected":false},"excerpt":{"rendered":"<p>Nach jahrelanger Vorstandsarbeit hat sich Dieter Kunze bei der letzten Jahreshauptversammlung nicht mehr zur Wiederwahl gestellt. Aus diesem Anlass erkl\u00e4rt der Vereinsvorsitzende Olli Hermsmeier: [su_quote cite=&#8221;Olli Hermsmeier&#8221;]Der TuS Jahn Hilfarth geh\u00f6rt seit vielen Jahrzehnten f\u00fcr hunderte Menschen zum t\u00e4glichen Leben dazu. Manche beenden irgendwann ihre Arbeit f\u00fcr den Verein, f\u00fcr sie geht dann eine \u00c4ra [&hellip;]<\/p>\n","protected":false},"author":1,"featured_media":4377,"comment_status":"closed","ping_status":"closed","sticky":false,"template":"","format":"standard","meta":[],"categories":[60,1],"tags":[],"wps_subtitle":"\"Wenige haben den TuS Jahn so sehr gepr\u00e4gt\"","_links":{"self":[{"href":"http:\/\/archiv.tus-jahn-hilfarth.de\/index.php\/wp-json\/wp\/v2\/posts\/4368"}],"collection":[{"href":"http:\/\/archiv.tus-jahn-hilfarth.de\/index.php\/wp-json\/wp\/v2\/posts"}],"about":[{"href":"http:\/\/archiv.tus-jahn-hilfarth.de\/index.php\/wp-json\/wp\/v2\/types\/post"}],"author":[{"embeddable":true,"href":"http:\/\/archiv.tus-jahn-hilfarth.de\/index.php\/wp-json\/wp\/v2\/users\/1"}],"replies":[{"embeddable":true,"href":"http:\/\/archiv.tus-jahn-hilfarth.de\/index.php\/wp-json\/wp\/v2\/comments?post=4368"}],"version-history":[{"count":11,"href":"http:\/\/archiv.tus-jahn-hilfarth.de\/index.php\/wp-json\/wp\/v2\/posts\/4368\/revisions"}],"predecessor-version":[{"id":4382,"href":"http:\/\/archiv.tus-jahn-hilfarth.de\/index.php\/wp-json\/wp\/v2\/posts\/4368\/revisions\/4382"}],"wp:featuredmedia":[{"embeddable":true,"href":"http:\/\/archiv.tus-jahn-hilfarth.de\/index.php\/wp-json\/wp\/v2\/media\/4377"}],"wp:attachment":[{"href":"http:\/\/archiv.tus-jahn-hilfarth.de\/index.php\/wp-json\/wp\/v2\/media?parent=4368"}],"wp:term":[{"taxonomy":"category","embeddable":true,"href":"http:\/\/archiv.tus-jahn-hilfarth.de\/index.php\/wp-json\/wp\/v2\/categories?post=4368"},{"taxonomy":"post_tag","embeddable":true,"href":"http:\/\/archiv.tus-jahn-hilfarth.de\/index.php\/wp-json\/wp\/v2\/tags?post=4368"}],"curies":[{"name":"wp","href":"https:\/\/api.w.org\/{rel}","templated":true}]}}