{"id":4392,"date":"2015-04-28T06:40:32","date_gmt":"2015-04-28T05:40:32","guid":{"rendered":"http:\/\/tus-jahn-hilfarth.de\/?p=4392"},"modified":"2015-04-30T14:06:22","modified_gmt":"2015-04-30T13:06:22","slug":"tus-profitiert-von-glasfaser-ausbau","status":"publish","type":"post","link":"http:\/\/archiv.tus-jahn-hilfarth.de\/index.php\/tus-profitiert-von-glasfaser-ausbau\/","title":{"rendered":"TuS profitiert von Glasfaser-Ausbau"},"content":{"rendered":"<p>Die Deutsche Glasfaser Holding treibt seit mehreren Jahren den Breitbandausbau in der Region voran. In Hilfarth hat sich vor drei Jahren aus der Ortsgemeinschaft heraus eine Interessengemeinschaft gebildet, die das Projekt vor Ort begleitet. Um das ehrenamtliche Engagement der Beteiligten zu w\u00fcrdigen, hat die Deutsche Glasfaser finanzielle Unterst\u00fctzung bereitgestellt.<\/p>\n<p>Diese Gelder flie\u00dfen komplett in die Arbeit Hilfarther Vereine und Einrichtungen, auch der\u00a0TuS Jahn wurde bereits\u00a0mit\u00a0400 Euro unterst\u00fctzt. Davon kommen 200 Euro der &#8220;<a title=\"Helping Hands\" href=\"http:\/\/tus-jahn-hilfarth.de\/helping-hands\/\" target=\"_blank\">Helping Hands<\/a>&#8220;-Aktion zu Gute, die andere H\u00e4lfte wird f\u00fcr die Jugendarbeit genutzt.<\/p>\n<figure id=\"attachment_4393\" aria-describedby=\"caption-attachment-4393\" style=\"width: 150px\" class=\"wp-caption alignright\"><img loading=\"lazy\" class=\"wp-image-4393 size-thumbnail\" src=\"http:\/\/tus-jahn-hilfarth.de\/wp-content\/uploads\/2015\/04\/IMG_0933-150x150.jpg\" alt=\"Olli Hermsmeier und Ren\u00e9 G\u00f6tz freuen sich \u00fcber die Spende\" width=\"150\" height=\"150\" \/><figcaption id=\"caption-attachment-4393\" class=\"wp-caption-text\">Olli Hermsmeier und Ren\u00e9 G\u00f6rtz freuen sich \u00fcber die Spende<\/figcaption><\/figure>\n<p>Der TuS-Jahn-Vorsitzende Olli Hermsmeier \u2013 auf dem Bild mit Kassenwart Ren\u00e9 G\u00f6rtz \u2013 freut sich \u00fcber die Spende:<\/p>\n<p>[su_quote cite=&#8221;Olli Hermsmeier&#8221;]<\/p>\n<p>In Hilfarth h\u00e4lt man zusammen. Dass die\u00a0Interessengemeinschaft &#8220;Glasfaser f\u00fcr Hilfarth&#8221; an die Vereine im Ort denkt, zeigt, wie gro\u00df das Gemeinschaftsgef\u00fchl ist. Auch wir\u00a0m\u00f6chten Anderen helfen und freuen uns deshalb, dass\u00a0die &#8220;<a title=\"Helping Hands\" href=\"http:\/\/tus-jahn-hilfarth.de\/helping-hands\/\" target=\"_blank\">Helping Hands<\/a>&#8220;-Kampagne auf diese Weise neue\u00a0Unterst\u00fctzung findet.<\/p>\n<p>Dass auch\u00a0die hunderten Kinder und Jugendliche in unserem Verein profitieren, freut uns nat\u00fcrlich zus\u00e4tzlich!<\/p>\n<p>[\/su_quote]<\/p>\n","protected":false},"excerpt":{"rendered":"<p>Die Deutsche Glasfaser Holding treibt seit mehreren Jahren den Breitbandausbau in der Region voran. In Hilfarth hat sich vor drei Jahren aus der Ortsgemeinschaft heraus eine Interessengemeinschaft gebildet, die das Projekt vor Ort begleitet. Um das ehrenamtliche Engagement der Beteiligten zu w\u00fcrdigen, hat die Deutsche Glasfaser finanzielle Unterst\u00fctzung bereitgestellt. Diese Gelder flie\u00dfen komplett in die [&hellip;]<\/p>\n","protected":false},"author":1,"featured_media":4504,"comment_status":"closed","ping_status":"closed","sticky":false,"template":"","format":"standard","meta":[],"categories":[59,60,1],"tags":[],"wps_subtitle":"Spendengelder:","_links":{"self":[{"href":"http:\/\/archiv.tus-jahn-hilfarth.de\/index.php\/wp-json\/wp\/v2\/posts\/4392"}],"collection":[{"href":"http:\/\/archiv.tus-jahn-hilfarth.de\/index.php\/wp-json\/wp\/v2\/posts"}],"about":[{"href":"http:\/\/archiv.tus-jahn-hilfarth.de\/index.php\/wp-json\/wp\/v2\/types\/post"}],"author":[{"embeddable":true,"href":"http:\/\/archiv.tus-jahn-hilfarth.de\/index.php\/wp-json\/wp\/v2\/users\/1"}],"replies":[{"embeddable":true,"href":"http:\/\/archiv.tus-jahn-hilfarth.de\/index.php\/wp-json\/wp\/v2\/comments?post=4392"}],"version-history":[{"count":7,"href":"http:\/\/archiv.tus-jahn-hilfarth.de\/index.php\/wp-json\/wp\/v2\/posts\/4392\/revisions"}],"predecessor-version":[{"id":4506,"href":"http:\/\/archiv.tus-jahn-hilfarth.de\/index.php\/wp-json\/wp\/v2\/posts\/4392\/revisions\/4506"}],"wp:featuredmedia":[{"embeddable":true,"href":"http:\/\/archiv.tus-jahn-hilfarth.de\/index.php\/wp-json\/wp\/v2\/media\/4504"}],"wp:attachment":[{"href":"http:\/\/archiv.tus-jahn-hilfarth.de\/index.php\/wp-json\/wp\/v2\/media?parent=4392"}],"wp:term":[{"taxonomy":"category","embeddable":true,"href":"http:\/\/archiv.tus-jahn-hilfarth.de\/index.php\/wp-json\/wp\/v2\/categories?post=4392"},{"taxonomy":"post_tag","embeddable":true,"href":"http:\/\/archiv.tus-jahn-hilfarth.de\/index.php\/wp-json\/wp\/v2\/tags?post=4392"}],"curies":[{"name":"wp","href":"https:\/\/api.w.org\/{rel}","templated":true}]}}