{"id":4409,"date":"2015-04-18T21:18:08","date_gmt":"2015-04-18T20:18:08","guid":{"rendered":"http:\/\/tus-jahn-hilfarth.de\/?p=4409"},"modified":"2015-04-19T15:33:39","modified_gmt":"2015-04-19T14:33:39","slug":"der-hilfarth-cup-geht-in-die-naechste-runde","status":"publish","type":"post","link":"http:\/\/archiv.tus-jahn-hilfarth.de\/index.php\/der-hilfarth-cup-geht-in-die-naechste-runde\/","title":{"rendered":"Der Hilfarth Cup geht in die n\u00e4chste Runde"},"content":{"rendered":"<p>Nachdem Anfang Januar erstmals eine Hallen-Version des Hilfarth Cups veranstaltet wurde, steht jetzt der Termin f\u00fcr das regul\u00e4re Dorfturnier im Sommer fest: Am 13. Juni werden mehrere Amateur-Teams wieder um die begehrte Troph\u00e4e spielen. Die <a title=\"Hilfarth Cup \u2013 Team-Anmeldung\" href=\"http:\/\/tus-jahn-hilfarth.de\/hilfarth-cup-team-anmeldung\/\" target=\"_blank\">Mannschaftsanmeldung<\/a>\u00a0ist ab sofort m\u00f6glich!<\/p>\n<p>Wie im letzten Jahr wird das Sommer-Wochenende durch mehrere\u00a0Jugend-Turniere am Sonntag vervollst\u00e4ndigt.<\/p>\n<p>Die Planungen f\u00fcr beide Events laufen auf Hochtouren, weitere Details werden zeitnah ver\u00f6ffentlicht.<\/p>\n<p><img loading=\"lazy\" class=\"alignleft wp-image-4437 size-full\" src=\"http:\/\/tus-jahn-hilfarth.de\/wp-content\/uploads\/2015\/04\/Sommerfest-Social-e1429454011173.png\" alt=\"\" width=\"800\" height=\"283\" \/><\/p>\n","protected":false},"excerpt":{"rendered":"<p>Nachdem Anfang Januar erstmals eine Hallen-Version des Hilfarth Cups veranstaltet wurde, steht jetzt der Termin f\u00fcr das regul\u00e4re Dorfturnier im Sommer fest: Am 13. Juni werden mehrere Amateur-Teams wieder um die begehrte Troph\u00e4e spielen. Die Mannschaftsanmeldung\u00a0ist ab sofort m\u00f6glich! Wie im letzten Jahr wird das Sommer-Wochenende durch mehrere\u00a0Jugend-Turniere am Sonntag vervollst\u00e4ndigt. Die Planungen f\u00fcr beide [&hellip;]<\/p>\n","protected":false},"author":1,"featured_media":0,"comment_status":"closed","ping_status":"closed","sticky":false,"template":"","format":"standard","meta":[],"categories":[60,1],"tags":[],"wps_subtitle":"Anmeldungen ab jetzt m\u00f6glich!","_links":{"self":[{"href":"http:\/\/archiv.tus-jahn-hilfarth.de\/index.php\/wp-json\/wp\/v2\/posts\/4409"}],"collection":[{"href":"http:\/\/archiv.tus-jahn-hilfarth.de\/index.php\/wp-json\/wp\/v2\/posts"}],"about":[{"href":"http:\/\/archiv.tus-jahn-hilfarth.de\/index.php\/wp-json\/wp\/v2\/types\/post"}],"author":[{"embeddable":true,"href":"http:\/\/archiv.tus-jahn-hilfarth.de\/index.php\/wp-json\/wp\/v2\/users\/1"}],"replies":[{"embeddable":true,"href":"http:\/\/archiv.tus-jahn-hilfarth.de\/index.php\/wp-json\/wp\/v2\/comments?post=4409"}],"version-history":[{"count":5,"href":"http:\/\/archiv.tus-jahn-hilfarth.de\/index.php\/wp-json\/wp\/v2\/posts\/4409\/revisions"}],"predecessor-version":[{"id":4438,"href":"http:\/\/archiv.tus-jahn-hilfarth.de\/index.php\/wp-json\/wp\/v2\/posts\/4409\/revisions\/4438"}],"wp:attachment":[{"href":"http:\/\/archiv.tus-jahn-hilfarth.de\/index.php\/wp-json\/wp\/v2\/media?parent=4409"}],"wp:term":[{"taxonomy":"category","embeddable":true,"href":"http:\/\/archiv.tus-jahn-hilfarth.de\/index.php\/wp-json\/wp\/v2\/categories?post=4409"},{"taxonomy":"post_tag","embeddable":true,"href":"http:\/\/archiv.tus-jahn-hilfarth.de\/index.php\/wp-json\/wp\/v2\/tags?post=4409"}],"curies":[{"name":"wp","href":"https:\/\/api.w.org\/{rel}","templated":true}]}}