{"id":4417,"date":"2015-04-19T00:13:26","date_gmt":"2015-04-18T23:13:26","guid":{"rendered":"http:\/\/tus-jahn-hilfarth.de\/?p=4417"},"modified":"2015-04-19T13:47:36","modified_gmt":"2015-04-19T12:47:36","slug":"kinder-la-am-samstag-in-heinsberg","status":"publish","type":"post","link":"http:\/\/archiv.tus-jahn-hilfarth.de\/index.php\/kinder-la-am-samstag-in-heinsberg\/","title":{"rendered":"Kinder-LA am Samstag in Heinsberg"},"content":{"rendered":"<p><a href=\"http:\/\/tus-jahn-hilfarth.de\/wp-content\/uploads\/2015\/04\/KiLa_20150418_II.jpg\" rel=\"attachment wp-att-4419\"><img loading=\"lazy\" class=\"  alignleft wp-image-4419\" src=\"http:\/\/tus-jahn-hilfarth.de\/wp-content\/uploads\/2015\/04\/KiLa_20150418_II-300x169.jpg\" alt=\"KiLa_20150418_II\" width=\"391\" height=\"220\" srcset=\"http:\/\/archiv.tus-jahn-hilfarth.de\/wp-content\/uploads\/2015\/04\/KiLa_20150418_II-300x169.jpg 300w, http:\/\/archiv.tus-jahn-hilfarth.de\/wp-content\/uploads\/2015\/04\/KiLa_20150418_II-1024x576.jpg 1024w, http:\/\/archiv.tus-jahn-hilfarth.de\/wp-content\/uploads\/2015\/04\/KiLa_20150418_II-128x72.jpg 128w, http:\/\/archiv.tus-jahn-hilfarth.de\/wp-content\/uploads\/2015\/04\/KiLa_20150418_II-32x18.jpg 32w\" sizes=\"(max-width: 391px) 100vw, 391px\" \/><\/a>Mit zwei Teams ging der TuS Jahn am Samstag im Klevchen beim Fr\u00fchjahrs-KiLa-Wettkampf an den Start. Die U10 war besetzt mit Julia Meth, Lukas Arnold, Alina Heizmann, Jonas Hillen, Lucy Dohmen, Hannah Zensen und Ben Herrmanns. F\u00fcr viele von ihnen war es der erste Mannschaftswettkampf, was nat\u00fcrlich die Sache umso spannender machte.<\/p>\n<p>Zur Betreuung waren Heike Graf und Bettina Wrede mit dabei.<\/p>\n<p>Die Mannschaft erreichte nach einem tollen Wettkampf den 5. Platz<\/p>\n<p>&nbsp;<\/p>\n<p>&nbsp;<\/p>\n<p>Die U12 war mit<a href=\"http:\/\/tus-jahn-hilfarth.de\/wp-content\/uploads\/2015\/04\/KiLa_20150418_I.jpg\" rel=\"attachment wp-att-4418\"><img loading=\"lazy\" class=\"alignright wp-image-4418\" src=\"http:\/\/tus-jahn-hilfarth.de\/wp-content\/uploads\/2015\/04\/KiLa_20150418_I-300x169.jpg\" alt=\"KiLa_20150418_I\" width=\"372\" height=\"210\" srcset=\"http:\/\/archiv.tus-jahn-hilfarth.de\/wp-content\/uploads\/2015\/04\/KiLa_20150418_I-300x169.jpg 300w, http:\/\/archiv.tus-jahn-hilfarth.de\/wp-content\/uploads\/2015\/04\/KiLa_20150418_I-1024x576.jpg 1024w, http:\/\/archiv.tus-jahn-hilfarth.de\/wp-content\/uploads\/2015\/04\/KiLa_20150418_I-128x72.jpg 128w, http:\/\/archiv.tus-jahn-hilfarth.de\/wp-content\/uploads\/2015\/04\/KiLa_20150418_I-32x18.jpg 32w\" sizes=\"(max-width: 372px) 100vw, 372px\" \/><\/a> vielen &#8220;alten&#8221; Hasen besetzt. Dazu geh\u00f6rten Erik Reitinger, Louisa Horsten, Sophie Fluthgraf, Marie Tomski, Sophie Tomski und Vanessa Morsbach. Zur Betreuung waren Jonas Rettemeyer und Markus Fluthgraf mit dabei.<\/p>\n<p>Das Endergebnis mit dem 3. Platz konnte sich auch sehr gut sehen lassen.<\/p>\n<p>&nbsp;<\/p>\n<p>Einen Dank auch an unsere jugendlichen Betreuer Hannah Horsten, Saskia Wrede und Patrick Schmitz, wie auch den Helfern Renate Horsten, Sabine Dannert und Rolf Schmitz.<\/p>\n<p>Eine tolle Mannschaftsleistung, denn jeder, der das Gesch\u00e4ft um die KiLa kennt, wei\u00df, dass dies nicht ohne gute Wettkampfvorbereitung, wie in diesem Fall vom SC Myhl erfolgt, und viele weitere Helfer\/Innen geht. Sch\u00f6n, dass wir da auch auf unsere Leute z\u00e4hlen k\u00f6nnen.<\/p>\n","protected":false},"excerpt":{"rendered":"<p>Mit zwei Teams ging der TuS Jahn am Samstag im Klevchen beim Fr\u00fchjahrs-KiLa-Wettkampf an den Start. Die U10 war besetzt mit Julia Meth, Lukas Arnold, Alina Heizmann, Jonas Hillen, Lucy Dohmen, Hannah Zensen und Ben Herrmanns. F\u00fcr viele von ihnen war es der erste Mannschaftswettkampf, was nat\u00fcrlich die Sache umso spannender machte. Zur Betreuung waren [&hellip;]<\/p>\n","protected":false},"author":6,"featured_media":4420,"comment_status":"closed","ping_status":"closed","sticky":false,"template":"","format":"standard","meta":[],"categories":[39,60],"tags":[],"wps_subtitle":"2 Teams am Start","_links":{"self":[{"href":"http:\/\/archiv.tus-jahn-hilfarth.de\/index.php\/wp-json\/wp\/v2\/posts\/4417"}],"collection":[{"href":"http:\/\/archiv.tus-jahn-hilfarth.de\/index.php\/wp-json\/wp\/v2\/posts"}],"about":[{"href":"http:\/\/archiv.tus-jahn-hilfarth.de\/index.php\/wp-json\/wp\/v2\/types\/post"}],"author":[{"embeddable":true,"href":"http:\/\/archiv.tus-jahn-hilfarth.de\/index.php\/wp-json\/wp\/v2\/users\/6"}],"replies":[{"embeddable":true,"href":"http:\/\/archiv.tus-jahn-hilfarth.de\/index.php\/wp-json\/wp\/v2\/comments?post=4417"}],"version-history":[{"count":8,"href":"http:\/\/archiv.tus-jahn-hilfarth.de\/index.php\/wp-json\/wp\/v2\/posts\/4417\/revisions"}],"predecessor-version":[{"id":4432,"href":"http:\/\/archiv.tus-jahn-hilfarth.de\/index.php\/wp-json\/wp\/v2\/posts\/4417\/revisions\/4432"}],"wp:featuredmedia":[{"embeddable":true,"href":"http:\/\/archiv.tus-jahn-hilfarth.de\/index.php\/wp-json\/wp\/v2\/media\/4420"}],"wp:attachment":[{"href":"http:\/\/archiv.tus-jahn-hilfarth.de\/index.php\/wp-json\/wp\/v2\/media?parent=4417"}],"wp:term":[{"taxonomy":"category","embeddable":true,"href":"http:\/\/archiv.tus-jahn-hilfarth.de\/index.php\/wp-json\/wp\/v2\/categories?post=4417"},{"taxonomy":"post_tag","embeddable":true,"href":"http:\/\/archiv.tus-jahn-hilfarth.de\/index.php\/wp-json\/wp\/v2\/tags?post=4417"}],"curies":[{"name":"wp","href":"https:\/\/api.w.org\/{rel}","templated":true}]}}