{"id":4476,"date":"2015-04-26T15:13:35","date_gmt":"2015-04-26T14:13:35","guid":{"rendered":"http:\/\/tus-jahn-hilfarth.de\/?p=4476"},"modified":"2015-04-26T15:44:56","modified_gmt":"2015-04-26T14:44:56","slug":"aprilsportfest-in-erkelenz","status":"publish","type":"post","link":"http:\/\/archiv.tus-jahn-hilfarth.de\/index.php\/aprilsportfest-in-erkelenz\/","title":{"rendered":"Aprilsportfest in Erkelenz"},"content":{"rendered":"<p>Am 25.4.15 wurde im Kreis offiziell die Bahn-Wettkampf-Saison er\u00f6ffnet.<\/p>\n<p>Beim Aprilsportfest, das eigentlich f\u00fcr die ersten Sonnenbr\u00e4nde im Jahr bekannt ist, war das Wetter bis auf kurze Ausrei\u00dfer eigentlich ok, frei nach dem Motto: H\u00e4tte schlimmer kommen k\u00f6nnen.<\/p>\n<p>Zuverl\u00e4ssiger war da schon die Verpflegung und Ausrichtung des gastgebenden Vereins TV Erkelenz. Als Gestgeber f\u00fcr diese umfangreiche Veranstaltung zeigten sie sich gewohnt souver\u00e4n.<\/p>\n<p>Aber besonders positiv ist zu vermerken, dass unsere Sportlerinnen und Sportler hier gute Ergebnisse abgeliefert haben. Nach der Vorbereitung im Winter und teilweise auch Trainingslager konnten sie erste Marken setzen. Das freut Sportler\/innen, Trainer und nat\u00fcrlich auch die Familien;-)<\/p>\n<p>Hier die Ergebnisse im Einzelnen (zurzeit nur vom U12 Dreikampf):<\/p>\n<p>Erik Reitinger: 50m (9,25 sek), Weit (2,95 m), Ball 80g (23,5m), insgesamt nach Platzierungen 2.<\/p>\n<p>Sophie Fluthgraf: 50m (8,02 sek), Weit (4,08 m), Ball 80g (29m), insgesamt nach Platzierungen 1.<\/p>\n<p>Louisa Horsten: 50m (8,40 sek), Weit (3,83 m), Ball 80g (18,5m)<\/p>\n<p>Marie Tomski: 50m (9,46 sek), Weit (2,95 m), Ball (17m)<\/p>\n<p>Sophie Tomski: 50m (9,77 sek), Weit (2,86 m), Ball (15m)<\/p>\n<p>&nbsp;<\/p>\n<p>&nbsp;<\/p>\n","protected":false},"excerpt":{"rendered":"<p>Am 25.4.15 wurde im Kreis offiziell die Bahn-Wettkampf-Saison er\u00f6ffnet. Beim Aprilsportfest, das eigentlich f\u00fcr die ersten Sonnenbr\u00e4nde im Jahr bekannt ist, war das Wetter bis auf kurze Ausrei\u00dfer eigentlich ok, frei nach dem Motto: H\u00e4tte schlimmer kommen k\u00f6nnen. Zuverl\u00e4ssiger war da schon die Verpflegung und Ausrichtung des gastgebenden Vereins TV Erkelenz. Als Gestgeber f\u00fcr diese [&hellip;]<\/p>\n","protected":false},"author":6,"featured_media":0,"comment_status":"closed","ping_status":"closed","sticky":false,"template":"","format":"standard","meta":[],"categories":[39,60],"tags":[],"wps_subtitle":"Saisoner\u00f6ffnung auf der Bahn","_links":{"self":[{"href":"http:\/\/archiv.tus-jahn-hilfarth.de\/index.php\/wp-json\/wp\/v2\/posts\/4476"}],"collection":[{"href":"http:\/\/archiv.tus-jahn-hilfarth.de\/index.php\/wp-json\/wp\/v2\/posts"}],"about":[{"href":"http:\/\/archiv.tus-jahn-hilfarth.de\/index.php\/wp-json\/wp\/v2\/types\/post"}],"author":[{"embeddable":true,"href":"http:\/\/archiv.tus-jahn-hilfarth.de\/index.php\/wp-json\/wp\/v2\/users\/6"}],"replies":[{"embeddable":true,"href":"http:\/\/archiv.tus-jahn-hilfarth.de\/index.php\/wp-json\/wp\/v2\/comments?post=4476"}],"version-history":[{"count":4,"href":"http:\/\/archiv.tus-jahn-hilfarth.de\/index.php\/wp-json\/wp\/v2\/posts\/4476\/revisions"}],"predecessor-version":[{"id":4482,"href":"http:\/\/archiv.tus-jahn-hilfarth.de\/index.php\/wp-json\/wp\/v2\/posts\/4476\/revisions\/4482"}],"wp:attachment":[{"href":"http:\/\/archiv.tus-jahn-hilfarth.de\/index.php\/wp-json\/wp\/v2\/media?parent=4476"}],"wp:term":[{"taxonomy":"category","embeddable":true,"href":"http:\/\/archiv.tus-jahn-hilfarth.de\/index.php\/wp-json\/wp\/v2\/categories?post=4476"},{"taxonomy":"post_tag","embeddable":true,"href":"http:\/\/archiv.tus-jahn-hilfarth.de\/index.php\/wp-json\/wp\/v2\/tags?post=4476"}],"curies":[{"name":"wp","href":"https:\/\/api.w.org\/{rel}","templated":true}]}}