{"id":4681,"date":"2015-05-21T23:16:22","date_gmt":"2015-05-21T21:16:22","guid":{"rendered":"http:\/\/tus-jahn-hilfarth.de\/?p=4681"},"modified":"2015-05-21T23:18:20","modified_gmt":"2015-05-21T21:18:20","slug":"stefan-buerger-mit-persoenlicher-bestzeit","status":"publish","type":"post","link":"http:\/\/archiv.tus-jahn-hilfarth.de\/index.php\/stefan-buerger-mit-persoenlicher-bestzeit\/","title":{"rendered":"Stefan B\u00fcrger mit pers\u00f6nlicher Bestzeit"},"content":{"rendered":"<p>Kurznachricht: W\u00e4hrend\u00a0Stefan ansonsten in Wald und Flur und auf der Stra\u00dfe unterwegs ist, wagte er sich jetzt in Aachen auf die Bahn. Bei der ATG-Bahnlaufserie lief er 5000m in\u00a019:45,84 min.<\/p>\n","protected":false},"excerpt":{"rendered":"<p>Kurznachricht: W\u00e4hrend\u00a0Stefan ansonsten in Wald und Flur und auf der Stra\u00dfe unterwegs ist, wagte er sich jetzt in Aachen auf die Bahn. Bei der ATG-Bahnlaufserie lief er 5000m in\u00a019:45,84 min.<\/p>\n","protected":false},"author":6,"featured_media":0,"comment_status":"closed","ping_status":"closed","sticky":false,"template":"","format":"standard","meta":[],"categories":[39],"tags":[93],"wps_subtitle":"","_links":{"self":[{"href":"http:\/\/archiv.tus-jahn-hilfarth.de\/index.php\/wp-json\/wp\/v2\/posts\/4681"}],"collection":[{"href":"http:\/\/archiv.tus-jahn-hilfarth.de\/index.php\/wp-json\/wp\/v2\/posts"}],"about":[{"href":"http:\/\/archiv.tus-jahn-hilfarth.de\/index.php\/wp-json\/wp\/v2\/types\/post"}],"author":[{"embeddable":true,"href":"http:\/\/archiv.tus-jahn-hilfarth.de\/index.php\/wp-json\/wp\/v2\/users\/6"}],"replies":[{"embeddable":true,"href":"http:\/\/archiv.tus-jahn-hilfarth.de\/index.php\/wp-json\/wp\/v2\/comments?post=4681"}],"version-history":[{"count":2,"href":"http:\/\/archiv.tus-jahn-hilfarth.de\/index.php\/wp-json\/wp\/v2\/posts\/4681\/revisions"}],"predecessor-version":[{"id":4683,"href":"http:\/\/archiv.tus-jahn-hilfarth.de\/index.php\/wp-json\/wp\/v2\/posts\/4681\/revisions\/4683"}],"wp:attachment":[{"href":"http:\/\/archiv.tus-jahn-hilfarth.de\/index.php\/wp-json\/wp\/v2\/media?parent=4681"}],"wp:term":[{"taxonomy":"category","embeddable":true,"href":"http:\/\/archiv.tus-jahn-hilfarth.de\/index.php\/wp-json\/wp\/v2\/categories?post=4681"},{"taxonomy":"post_tag","embeddable":true,"href":"http:\/\/archiv.tus-jahn-hilfarth.de\/index.php\/wp-json\/wp\/v2\/tags?post=4681"}],"curies":[{"name":"wp","href":"https:\/\/api.w.org\/{rel}","templated":true}]}}