{"id":5121,"date":"2015-07-27T17:31:11","date_gmt":"2015-07-27T15:31:11","guid":{"rendered":"http:\/\/tus-jahn-hilfarth.de\/?p=5121"},"modified":"2015-07-27T17:32:12","modified_gmt":"2015-07-27T15:32:12","slug":"willkommen-lina-kampmann","status":"publish","type":"post","link":"http:\/\/archiv.tus-jahn-hilfarth.de\/index.php\/willkommen-lina-kampmann\/","title":{"rendered":"Willkommen, Lina Kampmann!"},"content":{"rendered":"<p>Der TuS Jahn Hilfarth\u00a0gratuliert\u00a0Flap Kampmann, Trainer der 3. Mannschaft, und seiner Frau Juliane zur Geburt ihrer Tochter Lina. Sie kam heute mit einem Gewicht von vier Kilogramm und einer Gr\u00f6\u00dfe von 53 Zentimetern zur Welt.<\/p>\n<p>Der Vereinsvorsitzende Olli Hermsmeier w\u00fcnschte den gl\u00fccklichen Eltern einige Zeit\u00a0nach der Geburt alles Gute f\u00fcr sie und ihr Kind\u00a0und freute sich \u00fcber den blau-wei\u00dfen Nachwuchs.<\/p>\n","protected":false},"excerpt":{"rendered":"<p>Der TuS Jahn Hilfarth\u00a0gratuliert\u00a0Flap Kampmann, Trainer der 3. Mannschaft, und seiner Frau Juliane zur Geburt ihrer Tochter Lina. Sie kam heute mit einem Gewicht von vier Kilogramm und einer Gr\u00f6\u00dfe von 53 Zentimetern zur Welt. Der Vereinsvorsitzende Olli Hermsmeier w\u00fcnschte den gl\u00fccklichen Eltern einige Zeit\u00a0nach der Geburt alles Gute f\u00fcr sie und ihr Kind\u00a0und freute [&hellip;]<\/p>\n","protected":false},"author":1,"featured_media":5122,"comment_status":"closed","ping_status":"closed","sticky":false,"template":"","format":"standard","meta":[],"categories":[60,58],"tags":[],"wps_subtitle":"TuS weiterhin im Baby-Gl\u00fcck","_links":{"self":[{"href":"http:\/\/archiv.tus-jahn-hilfarth.de\/index.php\/wp-json\/wp\/v2\/posts\/5121"}],"collection":[{"href":"http:\/\/archiv.tus-jahn-hilfarth.de\/index.php\/wp-json\/wp\/v2\/posts"}],"about":[{"href":"http:\/\/archiv.tus-jahn-hilfarth.de\/index.php\/wp-json\/wp\/v2\/types\/post"}],"author":[{"embeddable":true,"href":"http:\/\/archiv.tus-jahn-hilfarth.de\/index.php\/wp-json\/wp\/v2\/users\/1"}],"replies":[{"embeddable":true,"href":"http:\/\/archiv.tus-jahn-hilfarth.de\/index.php\/wp-json\/wp\/v2\/comments?post=5121"}],"version-history":[{"count":1,"href":"http:\/\/archiv.tus-jahn-hilfarth.de\/index.php\/wp-json\/wp\/v2\/posts\/5121\/revisions"}],"predecessor-version":[{"id":5123,"href":"http:\/\/archiv.tus-jahn-hilfarth.de\/index.php\/wp-json\/wp\/v2\/posts\/5121\/revisions\/5123"}],"wp:featuredmedia":[{"embeddable":true,"href":"http:\/\/archiv.tus-jahn-hilfarth.de\/index.php\/wp-json\/wp\/v2\/media\/5122"}],"wp:attachment":[{"href":"http:\/\/archiv.tus-jahn-hilfarth.de\/index.php\/wp-json\/wp\/v2\/media?parent=5121"}],"wp:term":[{"taxonomy":"category","embeddable":true,"href":"http:\/\/archiv.tus-jahn-hilfarth.de\/index.php\/wp-json\/wp\/v2\/categories?post=5121"},{"taxonomy":"post_tag","embeddable":true,"href":"http:\/\/archiv.tus-jahn-hilfarth.de\/index.php\/wp-json\/wp\/v2\/tags?post=5121"}],"curies":[{"name":"wp","href":"https:\/\/api.w.org\/{rel}","templated":true}]}}