{"id":5151,"date":"2015-08-01T19:51:39","date_gmt":"2015-08-01T17:51:39","guid":{"rendered":"http:\/\/tus-jahn-hilfarth.de\/?p=5151"},"modified":"2015-08-03T21:54:16","modified_gmt":"2015-08-03T19:54:16","slug":"hanuschik-7-in-jena","status":"publish","type":"post","link":"http:\/\/archiv.tus-jahn-hilfarth.de\/index.php\/hanuschik-7-in-jena\/","title":{"rendered":"Hanuschik Siebter in Jena!"},"content":{"rendered":"<p>TuS-Jahn-Athlet Oliver Hanuschik erreichte am Samstag Abend bei den Deutschen Meisterschaften in der U18 den siebten Platz \u00fcber die 2.000-Meter-Hindernis-Strecke. Trainer J\u00fcrgen Meuser konnte\u00a0sich anschlie\u00dfend nicht nur \u00fcber die Top-8-Platzierung freuen, sondern auch\u00a0\u00fcber\u00a0die Verbesserung der pers\u00f6nlichen Bestzeit um rund zehn Sekunden.<\/p>\n<p>TuS-Vorsitzender Olli Hermsmeier gratuliert:<\/p>\n<p>[su_quote cite=&#8221;Olli Hermsmeier&#8221;]Einer der besten acht Athleten in Olivers Alter kommt vom TuS Jahn Hilfarth \u2013 ein wunderbares Gef\u00fchl. Ich freue mich, dass der Verein deutschlandweit so gut vertreten wird und w\u00fcnsche Oliver\u00a0f\u00fcr die n\u00e4chsten Jahre viele pers\u00f6nliche Erfolge im blau-wei\u00dfen Trikot! Herzlichen Gl\u00fcckwunsch! [\/su_quote]<\/p>\n<div id='gallery-1' class='gallery galleryid-5151 gallery-columns-3 gallery-size-thumbnail'><figure class='gallery-item'>\n\t\t\t<div class='gallery-icon landscape'>\n\t\t\t\t<a title=\"Oliver Hannuschik in Jena\" href='http:\/\/archiv.tus-jahn-hilfarth.de\/index.php\/hanuschik-7-in-jena\/jena\/'><img width=\"150\" height=\"150\" src=\"http:\/\/archiv.tus-jahn-hilfarth.de\/wp-content\/uploads\/2015\/08\/Jena-e1438630950137-150x150.jpg\" class=\"attachment-thumbnail size-thumbnail\" alt=\"\" loading=\"lazy\" \/><\/a>\n\t\t\t<\/div><\/figure><figure class='gallery-item'>\n\t\t\t<div class='gallery-icon landscape'>\n\t\t\t\t<a title=\"IMG_0877\" href='http:\/\/archiv.tus-jahn-hilfarth.de\/img_0877\/'><img width=\"150\" height=\"150\" src=\"http:\/\/archiv.tus-jahn-hilfarth.de\/wp-content\/uploads\/2015\/08\/IMG_0877-150x150.jpg\" class=\"attachment-thumbnail size-thumbnail\" alt=\"\" loading=\"lazy\" \/><\/a>\n\t\t\t<\/div><\/figure><figure class='gallery-item'>\n\t\t\t<div class='gallery-icon landscape'>\n\t\t\t\t<a title=\"IMG_0879\" href='http:\/\/archiv.tus-jahn-hilfarth.de\/img_0879\/'><img width=\"150\" height=\"150\" src=\"http:\/\/archiv.tus-jahn-hilfarth.de\/wp-content\/uploads\/2015\/08\/IMG_0879-150x150.jpg\" class=\"attachment-thumbnail size-thumbnail\" alt=\"\" loading=\"lazy\" \/><\/a>\n\t\t\t<\/div><\/figure>\n\t\t<\/div>\n\n<p>&nbsp;<\/p>\n","protected":false},"excerpt":{"rendered":"<p>TuS-Jahn-Athlet Oliver Hanuschik erreichte am Samstag Abend bei den Deutschen Meisterschaften in der U18 den siebten Platz \u00fcber die 2.000-Meter-Hindernis-Strecke. Trainer J\u00fcrgen Meuser konnte\u00a0sich anschlie\u00dfend nicht nur \u00fcber die Top-8-Platzierung freuen, sondern auch\u00a0\u00fcber\u00a0die Verbesserung der pers\u00f6nlichen Bestzeit um rund zehn Sekunden. TuS-Vorsitzender Olli Hermsmeier gratuliert: [su_quote cite=&#8221;Olli Hermsmeier&#8221;]Einer der besten acht Athleten in Olivers Alter [&hellip;]<\/p>\n","protected":false},"author":1,"featured_media":5194,"comment_status":"closed","ping_status":"closed","sticky":false,"template":"","format":"standard","meta":[],"categories":[39,60],"tags":[92],"wps_subtitle":"DM-Erfolg!","_links":{"self":[{"href":"http:\/\/archiv.tus-jahn-hilfarth.de\/index.php\/wp-json\/wp\/v2\/posts\/5151"}],"collection":[{"href":"http:\/\/archiv.tus-jahn-hilfarth.de\/index.php\/wp-json\/wp\/v2\/posts"}],"about":[{"href":"http:\/\/archiv.tus-jahn-hilfarth.de\/index.php\/wp-json\/wp\/v2\/types\/post"}],"author":[{"embeddable":true,"href":"http:\/\/archiv.tus-jahn-hilfarth.de\/index.php\/wp-json\/wp\/v2\/users\/1"}],"replies":[{"embeddable":true,"href":"http:\/\/archiv.tus-jahn-hilfarth.de\/index.php\/wp-json\/wp\/v2\/comments?post=5151"}],"version-history":[{"count":11,"href":"http:\/\/archiv.tus-jahn-hilfarth.de\/index.php\/wp-json\/wp\/v2\/posts\/5151\/revisions"}],"predecessor-version":[{"id":5206,"href":"http:\/\/archiv.tus-jahn-hilfarth.de\/index.php\/wp-json\/wp\/v2\/posts\/5151\/revisions\/5206"}],"wp:featuredmedia":[{"embeddable":true,"href":"http:\/\/archiv.tus-jahn-hilfarth.de\/index.php\/wp-json\/wp\/v2\/media\/5194"}],"wp:attachment":[{"href":"http:\/\/archiv.tus-jahn-hilfarth.de\/index.php\/wp-json\/wp\/v2\/media?parent=5151"}],"wp:term":[{"taxonomy":"category","embeddable":true,"href":"http:\/\/archiv.tus-jahn-hilfarth.de\/index.php\/wp-json\/wp\/v2\/categories?post=5151"},{"taxonomy":"post_tag","embeddable":true,"href":"http:\/\/archiv.tus-jahn-hilfarth.de\/index.php\/wp-json\/wp\/v2\/tags?post=5151"}],"curies":[{"name":"wp","href":"https:\/\/api.w.org\/{rel}","templated":true}]}}