{"id":5280,"date":"2015-08-12T21:56:37","date_gmt":"2015-08-12T19:56:37","guid":{"rendered":"http:\/\/tus-jahn-hilfarth.de\/?p=5280"},"modified":"2015-09-10T15:38:18","modified_gmt":"2015-09-10T13:38:18","slug":"die-mannschaft-lebt-hilfarth","status":"publish","type":"post","link":"http:\/\/archiv.tus-jahn-hilfarth.de\/index.php\/die-mannschaft-lebt-hilfarth\/","title":{"rendered":"&#8220;Die Mannschaft lebt Hilfarth!&#8221;"},"content":{"rendered":"<p><strong>Das Format &#8220;Olli trifft&#8230;&#8221; ist wieder da! Mit leicht ver\u00e4ndertem Konzept starten wir in eine zweite Staffel der\u00a0beliebten Interview-Serie. Kurz vor Beginn der neuen Saison haben sich TuS-Vorsitzender Olli Hermsmeier und tus-jahn-hilfarth.de-Redakteur Christoph Hensen mit Maik Honold, dem Trainer der 1. Mannschaft, getroffen.<\/strong><\/p>\n<p><strong><em>Christoph<\/em><\/strong>: Der TuS Jahn hat jetzt nach einiger Zeit das erste Mal wieder eine Saison in der Kreisliga A verbracht. Wie ist es aus Deiner Sicht gelaufen?<\/p>\n<p><strong><em>Maik<\/em><\/strong>: Erstaunlich gut. Nach einem sehr \u00fcberzeugenden Aufstieg war die A-Liga f\u00fcr einige Neuland, viele hatten da noch nie gespielt. Es war wichtig, die jungen Leute, teilweise vorher in unserer A-Jugend, zu integrieren.<\/p>\n<p>Ziel war ganz klar der Klassenerhalt. Die A-Liga ist unglaublich ausgeglichen, es gab keinen \u201eAbdrifter\u201c nach oben oder unten. Nach vier oder f\u00fcnf Spieltagen waren wir Erster, standen verdient oben. Wir haben guten Fu\u00dfball gespielt, zum Beispiel gegen Geilenkirchen oder Kuckum. Wir haben nicht mit Gl\u00fcck, sondern mit Qualit\u00e4t gewonnen.<\/p>\n<p>Der bekannte Knackpunkt war das Heinsberg-Lieck-Spiel. Danach hatten wir einen Qualit\u00e4tsverlust, sechst Leute haben erstmal gefehlt. Trotz der Umst\u00e4nde haben wir eine super Hinrunde gespielt. Wir sind optimistisch in die R\u00fcckrunde rein gegangen.<\/p>\n<p>Die lief weniger gut, immer h\u00e4ufiger haben wir verloren. Auch, weil Leute wie Dominic Mauritz, Daniel Cr\u00fctzen oder Patrick Mevissen teilweise gefehlt haben.<\/p>\n<p><strong><em>Olli<\/em><\/strong>: Das Saisonziel wurde ja mehr als erreicht, auch wenn einem am Ende vielleicht noch mal etwas bange wurde. H\u00e4tte man mehr Punkte holen m\u00fcssen oder warst Du zufrieden?<\/p>\n<p><strong><em>Maik<\/em><\/strong>: Wir haben den Klassenerhalt erst drei Spieltage vor Saisonende geholt. F\u00fcr mich selbst war das immer eine enge Kiste.<\/p>\n<p><strong><em>Christoph<\/em><\/strong>: Du hast gesagt, dass Daniel und Dominic in der letzten Saison zeitweise gefehlt haben. Das hat weh getan. Jetzt ist das eine dauerhafte Situation, wie geht Ihr damit um?<\/p>\n<p><strong><em>Maik<\/em><\/strong>: Man hat ja in der Vorbereitung gesehen, dass wir jetzt ein anderes System spielen. Die St\u00e4rken, die wir zur Verf\u00fcgung haben, werden wir besser in Szene setzen. Die Schnelligkeit von Cr\u00fctzen und Mauritz fehlt, aber wir werden das so stricken, dass wir trotzdem weiter torgef\u00e4hrlich sein werden.<\/p>\n<p>Da haben wir in der Vorbereitung dran gearbeitet und ich bin zuversichtlich, dass das funktionieren wird. Wir haben gute Jungs dazu bekommen, die die Verluste nicht 1:1 auf ihren Positionen ersetzen, sondern eine andere Spielweise mit tragen werden.<\/p>\n<p><strong><em>Christoph<\/em><\/strong>: Die Vorbereitung wird ja auch aus Deiner Sicht gut gelaufen sein, der Stadtmeisterschafts-Sieg war optimal. Gibt es etwas, was noch in den Griff bekommen werden muss? Oder seid Ihr zufrieden mit der Ausgangslage?<\/p>\n<p><strong><em>Maik<\/em><\/strong>: Ich war mit der Vorbereitung nicht ganz zufrieden. Wir haben den Titel geholt, aber die Ergebnisse h\u00e4tten besser sein k\u00f6nnen. Wir haben okay gespielt, aber ich h\u00e4tte mir mehr gew\u00fcnscht.<\/p>\n<p>Nat\u00fcrlich wollten wir neue Sachen ausprobieren, die neuen Spieler einbringen. Fakt ist: Wir sind konditionell gut drauf, wir sind in der Vorbereitung viel gelaufen. Im Laufe der Saison werden wir auch weiter das Fu\u00dfballerische optimieren.<\/p>\n<figure id=\"attachment_5284\" aria-describedby=\"caption-attachment-5284\" style=\"width: 300px\" class=\"wp-caption alignright\"><a href=\"http:\/\/tus-jahn-hilfarth.de\/wp-content\/uploads\/2015\/08\/Olli-Hermsmeier-und-Maik-Honold.png\"><img loading=\"lazy\" class=\"size-medium wp-image-5284\" src=\"http:\/\/tus-jahn-hilfarth.de\/wp-content\/uploads\/2015\/08\/Olli-Hermsmeier-und-Maik-Honold-300x200.png\" alt=\"TuS-Vorsitzender Olli Hermsmeier und Chef-Coach Maik Honold beim Staffelstart von &quot;Olli trifft...&quot;\" width=\"300\" height=\"200\" srcset=\"http:\/\/archiv.tus-jahn-hilfarth.de\/wp-content\/uploads\/2015\/08\/Olli-Hermsmeier-und-Maik-Honold-300x200.png 300w, http:\/\/archiv.tus-jahn-hilfarth.de\/wp-content\/uploads\/2015\/08\/Olli-Hermsmeier-und-Maik-Honold-128x85.png 128w, http:\/\/archiv.tus-jahn-hilfarth.de\/wp-content\/uploads\/2015\/08\/Olli-Hermsmeier-und-Maik-Honold-32x21.png 32w, http:\/\/archiv.tus-jahn-hilfarth.de\/wp-content\/uploads\/2015\/08\/Olli-Hermsmeier-und-Maik-Honold-272x182.png 272w, http:\/\/archiv.tus-jahn-hilfarth.de\/wp-content\/uploads\/2015\/08\/Olli-Hermsmeier-und-Maik-Honold.png 1000w\" sizes=\"(max-width: 300px) 100vw, 300px\" \/><\/a><figcaption id=\"caption-attachment-5284\" class=\"wp-caption-text\">TuS-Vorsitzender Olli Hermsmeier und Chef-Coach Maik Honold beim Staffelstart von &#8220;Olli trifft&#8230;&#8221;<\/figcaption><\/figure>\n<p><strong><em>Christoph<\/em><\/strong>: In der Vorbereitung sind wir auf Teams getroffen, die aus meiner Sicht teilweise \u00fcberhaupt nicht aufeinander abgestimmt waren. Unsere Mannschaft passt auch menschlich gut zusammen. Siehst Du das auch so?<\/p>\n<p><strong><em>Maik<\/em><\/strong>: Ja. Wir haben gezielt Leute geholt, die menschlich zur Mannschaft passen. Alle passen ins Gef\u00fcge, alle identifizieren sich mit dem Verein und leben Hilfarth. Alle sind bereit den Weg mit zu gehen, den wir gehen wollen.<\/p>\n<p><strong><em>Christoph<\/em><\/strong>: In der letzten Saison war das Ziel Klassenerhalt. Wird das Ziel 1:1 \u00fcbertragen? Wie sehen die Anspr\u00fcche aus?<\/p>\n<p><strong><em>Maik<\/em><\/strong>: Alles andere als Klassenerhalt w\u00e4re zu vermessen.<\/p>\n<p><strong><em>Olli<\/em><\/strong>: Das geben wir als Vorstand Maik auch immer mit. Wir sind ein Dorfverein. Andere Teams sind daran gescheitet, h\u00f6her hinaus zu wollen. Wir haben eine Mannschaft mit Kreisliga-A-Potential. Das wollen wir nutzen und da stehen wir hinter.<\/p>\n<p><strong><em>Maik<\/em><\/strong>: Wir tun gut daran, realistisch zu bleiben. Wir nehmen keine Kohle in die Hand und kaufen Spieler, sondern setzen auf die Jugend und geben jungen Spielern die M\u00f6glichkeit, sich in der A-Liga zu bew\u00e4hren und bilden sie aus. F\u00fcr uns geht es darum, ein paar Mannschaften hinter uns zu lassen und in der Liga zu bleiben.<\/p>\n<p><strong><em>Olli<\/em><\/strong>: Mal etwas privater: Du warst in Holland im Urlaub. Hast Du auch da mal an den TuS gedacht?<\/p>\n<p><strong><em>Maik<\/em><\/strong>: W\u00e4hrend des Urlaubs lief die Vorbereitung. Da war ich nat\u00fcrlich st\u00e4ndig in Kontakt mit Frank und den Jungs. Ich habe mir neue Sachen ausgedacht und \u00fcberlegt, die setzen wir jetzt um.<\/p>\n<p><strong><em>Olli<\/em><\/strong>: Im letzten Jahr waren Maik und ich nicht weit voneinander entfernt im Urlaub, haben dann einen Tag zusammen verbracht. Da haben wir nicht nur \u00fcber Fu\u00dfball gesprochen, sondern auch mal ein Bierchen getrunken. Nicht nur vom Sportlichen, sondern auch vom Typen her haben wir damals in Maik auf jeden Fall einen tollen Trainer gefunden.<\/p>\n<p>Frank hat mich damals auf die Idee gebracht. Sagte, \u00abTelefonier mal mit dem Maik Honold\u00bb. Wie denkst Du von Frank, der ja mittlerweile mit Dir an der Seitenlinie steht?<\/p>\n<p><strong><em>Maik<\/em><\/strong>: Ich bin dem Verein dankbar, dass er mit damals die Chance gegeben hat. Frank ist ein prima Kerl mit dem ich 1:1 auf einer Wellenl\u00e4nge liege. Ohne dar\u00fcber gesprochen zu haben,\u00a0haben wir beide Sonntags fast immer die gleiche Aufstellung auf dem Zettel stehen. Wir arbeiten sehr vertrauensvoll zusammen.<\/p>\n<p>Das liegt vielleicht auch in der Vergangenheit begr\u00fcndet, wir haben fr\u00fcher zusammen in Dremmen gespielt. Es ist toll, jetzt mit ihm als Trainer zusammen zu arbeiten.<\/p>\n<p><strong><em>Olli<\/em><\/strong>: Du hattest schon viele Stationen als Spieler, auch in M\u00f6nchengladbach. Wo liegen vereinsm\u00e4\u00dfig die Unterschiede zu Hilfarth?<\/p>\n<p><strong><em>Maik<\/em><\/strong>: In den h\u00f6herklassigen Vereinen, in denen ich gespielt habe, geht das Menschliche so ein bisschen verloren: Da ist man Spieler Nummer f\u00fcnf und so wird man auch behandelt. Wer au\u00dferhalb der Mannschaft noch so im Verein ist, bekommt man gar nicht mit.<\/p>\n<p>In Hilfarth findet man einen Verein vor, in dem immer angepackt wird, wenn Hilfe gebraucht wird. Man ist nie alleine, es gibt viele nette menschen, auch au\u00dferhalb des sportlichen Rahmens. In meiner Laufbahn ist das etwas besonderes.<\/p>\n<p><strong><em>Olli<\/em><\/strong>: Das versuche ich ja auch immer vorzuleben. Auch Du machst das, begr\u00fc\u00dft zum Beispiel viele Zuschauer am Platz mit Handschlag. Das finde ich toll.<\/p>\n<p>Machst Du abseits\u00a0des\u00a0Vereins noch was in Deiner Freizeit?<\/p>\n<p><strong><em>Maik<\/em><\/strong>: Familie. F\u00fcr mehr bleibt keine Zeit. Meine Kinder spielen auch selbst Fu\u00dfball, da steht man dann nat\u00fcrlich auch ab und zu am Platz.<\/p>\n<p><strong><em>Olli<\/em><\/strong>: Stichwort Vereinsheim. Was ist das Erste, was dir dazu einf\u00e4llt?<\/p>\n<p><strong><em>Maik<\/em><\/strong>: Gro\u00dfartig. Es gibt nichts besseres, als Umkleidem\u00f6glichkeiten direkt am Platz zu haben. F\u00fcr mich als Trainer eine Verbesserung, weil auf dem Weg von der Halle zum Platz immer viele Sachen verloren gehen, die man den Jungs mit auf den Weg gibt.<\/p>\n<p>Wir freuen uns alle darauf.<\/p>\n<p><strong><em>Olli<\/em><\/strong>: Wie sieht die Zusammenarbeit mit der 2. und 3. Mannschaft aus?<\/p>\n<p><strong><em>Maik<\/em><\/strong>: Beide Mannschaften haben engagierte Trainer. Ich freue mich auch in der n\u00e4chsten Saison auf die Zusammenarbeit. Es ist eine besondere Sache, als Verein drei Senioren-Mannschaften zu haben. Da sollten wir stolz drauf sein.<\/p>\n<p><b>Das Format &#8220;Olli trifft&#8230;&#8221; wird in n\u00e4chster Zeit mit weiteren G\u00e4sten fortgef\u00fchrt.<\/b><\/p>\n","protected":false},"excerpt":{"rendered":"<p>Das Format &#8220;Olli trifft&#8230;&#8221; ist wieder da! Mit leicht ver\u00e4ndertem Konzept starten wir in eine zweite Staffel der\u00a0beliebten Interview-Serie. Kurz vor Beginn der neuen Saison haben sich TuS-Vorsitzender Olli Hermsmeier und tus-jahn-hilfarth.de-Redakteur Christoph Hensen mit Maik Honold, dem Trainer der 1. Mannschaft, getroffen. Christoph: Der TuS Jahn hat jetzt nach einiger Zeit das erste Mal [&hellip;]<\/p>\n","protected":false},"author":1,"featured_media":5289,"comment_status":"closed","ping_status":"closed","sticky":false,"template":"","format":"standard","meta":[],"categories":[9,29,60],"tags":[],"wps_subtitle":"Olli trifft... Maik Honold","_links":{"self":[{"href":"http:\/\/archiv.tus-jahn-hilfarth.de\/index.php\/wp-json\/wp\/v2\/posts\/5280"}],"collection":[{"href":"http:\/\/archiv.tus-jahn-hilfarth.de\/index.php\/wp-json\/wp\/v2\/posts"}],"about":[{"href":"http:\/\/archiv.tus-jahn-hilfarth.de\/index.php\/wp-json\/wp\/v2\/types\/post"}],"author":[{"embeddable":true,"href":"http:\/\/archiv.tus-jahn-hilfarth.de\/index.php\/wp-json\/wp\/v2\/users\/1"}],"replies":[{"embeddable":true,"href":"http:\/\/archiv.tus-jahn-hilfarth.de\/index.php\/wp-json\/wp\/v2\/comments?post=5280"}],"version-history":[{"count":6,"href":"http:\/\/archiv.tus-jahn-hilfarth.de\/index.php\/wp-json\/wp\/v2\/posts\/5280\/revisions"}],"predecessor-version":[{"id":5288,"href":"http:\/\/archiv.tus-jahn-hilfarth.de\/index.php\/wp-json\/wp\/v2\/posts\/5280\/revisions\/5288"}],"wp:featuredmedia":[{"embeddable":true,"href":"http:\/\/archiv.tus-jahn-hilfarth.de\/index.php\/wp-json\/wp\/v2\/media\/5289"}],"wp:attachment":[{"href":"http:\/\/archiv.tus-jahn-hilfarth.de\/index.php\/wp-json\/wp\/v2\/media?parent=5280"}],"wp:term":[{"taxonomy":"category","embeddable":true,"href":"http:\/\/archiv.tus-jahn-hilfarth.de\/index.php\/wp-json\/wp\/v2\/categories?post=5280"},{"taxonomy":"post_tag","embeddable":true,"href":"http:\/\/archiv.tus-jahn-hilfarth.de\/index.php\/wp-json\/wp\/v2\/tags?post=5280"}],"curies":[{"name":"wp","href":"https:\/\/api.w.org\/{rel}","templated":true}]}}