{"id":5579,"date":"2015-09-19T21:59:49","date_gmt":"2015-09-19T19:59:49","guid":{"rendered":"http:\/\/tus-jahn-hilfarth.de\/?p=5579"},"modified":"2015-09-28T21:51:47","modified_gmt":"2015-09-28T19:51:47","slug":"wepstrom-lauf-vorbereitungen-in-der-letzten-phase","status":"publish","type":"post","link":"http:\/\/archiv.tus-jahn-hilfarth.de\/index.php\/wepstrom-lauf-vorbereitungen-in-der-letzten-phase\/","title":{"rendered":"wepStrom-Lauf-Vorbereitungen in der letzten Phase"},"content":{"rendered":"<p>Heute mittag wurden die letzten Listen ausgedruckt, die letzten Eink\u00e4ufe get\u00e4tigt und insbesondere die Strecke pr\u00e4pariert.<\/p>\n<p>Da gilt es \u00c4ste wegzur\u00e4umen, die Wege zu \u00fcberpr\u00fcfen, Gefahrenstellen zu markieren und insbesondere die Richtungswechsel auf der Strecke zu markieren.<\/p>\n<p>Dazu traf sich das Team der L\u00e4ufergruppe &#8220;Rennschnecken&#8221; heute beim Mitorganisator Ralf Sester vor dem Laden und los ging es.<\/p>\n<p>Wolfgang Grates hatte diese Woche schon eine Baustelle auf unserer Strecke bei der Rurbr\u00fccke in K\u00f6rrenzig ausgemacht. Hier galt es einen Alternativpfad am Bagger vorbei zu pr\u00e4parieren.<\/p>\n<p>Die 21 km Strecke wurden abgefahren, morgen fr\u00fch noch einmal die Kilometrierung angebracht, bevor unsere mindestens 228 L\u00e4ufer und L\u00e4uferinnen am Sonntag an den Start gehen.<\/p>\n","protected":false},"excerpt":{"rendered":"<p>Heute mittag wurden die letzten Listen ausgedruckt, die letzten Eink\u00e4ufe get\u00e4tigt und insbesondere die Strecke pr\u00e4pariert. Da gilt es \u00c4ste wegzur\u00e4umen, die Wege zu \u00fcberpr\u00fcfen, Gefahrenstellen zu markieren und insbesondere die Richtungswechsel auf der Strecke zu markieren. Dazu traf sich das Team der L\u00e4ufergruppe &#8220;Rennschnecken&#8221; heute beim Mitorganisator Ralf Sester vor dem Laden und los [&hellip;]<\/p>\n","protected":false},"author":6,"featured_media":5578,"comment_status":"closed","ping_status":"closed","sticky":false,"template":"","format":"standard","meta":[],"categories":[39],"tags":[],"wps_subtitle":"Orga und jetzt auch Strecke stehen","_links":{"self":[{"href":"http:\/\/archiv.tus-jahn-hilfarth.de\/index.php\/wp-json\/wp\/v2\/posts\/5579"}],"collection":[{"href":"http:\/\/archiv.tus-jahn-hilfarth.de\/index.php\/wp-json\/wp\/v2\/posts"}],"about":[{"href":"http:\/\/archiv.tus-jahn-hilfarth.de\/index.php\/wp-json\/wp\/v2\/types\/post"}],"author":[{"embeddable":true,"href":"http:\/\/archiv.tus-jahn-hilfarth.de\/index.php\/wp-json\/wp\/v2\/users\/6"}],"replies":[{"embeddable":true,"href":"http:\/\/archiv.tus-jahn-hilfarth.de\/index.php\/wp-json\/wp\/v2\/comments?post=5579"}],"version-history":[{"count":1,"href":"http:\/\/archiv.tus-jahn-hilfarth.de\/index.php\/wp-json\/wp\/v2\/posts\/5579\/revisions"}],"predecessor-version":[{"id":5580,"href":"http:\/\/archiv.tus-jahn-hilfarth.de\/index.php\/wp-json\/wp\/v2\/posts\/5579\/revisions\/5580"}],"wp:featuredmedia":[{"embeddable":true,"href":"http:\/\/archiv.tus-jahn-hilfarth.de\/index.php\/wp-json\/wp\/v2\/media\/5578"}],"wp:attachment":[{"href":"http:\/\/archiv.tus-jahn-hilfarth.de\/index.php\/wp-json\/wp\/v2\/media?parent=5579"}],"wp:term":[{"taxonomy":"category","embeddable":true,"href":"http:\/\/archiv.tus-jahn-hilfarth.de\/index.php\/wp-json\/wp\/v2\/categories?post=5579"},{"taxonomy":"post_tag","embeddable":true,"href":"http:\/\/archiv.tus-jahn-hilfarth.de\/index.php\/wp-json\/wp\/v2\/tags?post=5579"}],"curies":[{"name":"wp","href":"https:\/\/api.w.org\/{rel}","templated":true}]}}