{"id":5633,"date":"2015-09-26T20:03:27","date_gmt":"2015-09-26T18:03:27","guid":{"rendered":"http:\/\/tus-jahn-hilfarth.de\/?p=5633"},"modified":"2015-09-26T20:34:26","modified_gmt":"2015-09-26T18:34:26","slug":"torwarttraining-fuer-jugendspieler","status":"publish","type":"post","link":"http:\/\/archiv.tus-jahn-hilfarth.de\/index.php\/torwarttraining-fuer-jugendspieler\/","title":{"rendered":"Torwarttraining f\u00fcr Jugendspieler"},"content":{"rendered":"<p>Die Jugendabteilung des TuS Jahn konnte die langj\u00e4hrigen Hilfarther Torh\u00fcter\u00a0Christian Stary, Marc Lorenz und Dirk Langeheinecke als Torwarttrainer gewinnen. Die Drei\u00a0werden k\u00fcnftig die Keeper der D-, C- und B-Jugend zus\u00e4tzlich zum Training\u00a0mit ihren Mannschaften\u00a0coachen.<\/p>\n<p>TuS-Vize Achim Sodekamp, selbst Trainer einer Jugendmannschaft, bedankte schon vorab bei den engagierten Torh\u00fctern, die selbst im blau-wei\u00dfen Trikot auf dem Platz stehen. Er bezeichnete die Neuerung als &#8220;weiteren Qualit\u00e4tsgewinn f\u00fcr unsere Jugendabteilung&#8221;.<\/p>\n","protected":false},"excerpt":{"rendered":"<p>Die Jugendabteilung des TuS Jahn konnte die langj\u00e4hrigen Hilfarther Torh\u00fcter\u00a0Christian Stary, Marc Lorenz und Dirk Langeheinecke als Torwarttrainer gewinnen. Die Drei\u00a0werden k\u00fcnftig die Keeper der D-, C- und B-Jugend zus\u00e4tzlich zum Training\u00a0mit ihren Mannschaften\u00a0coachen. TuS-Vize Achim Sodekamp, selbst Trainer einer Jugendmannschaft, bedankte schon vorab bei den engagierten Torh\u00fctern, die selbst im blau-wei\u00dfen Trikot auf dem [&hellip;]<\/p>\n","protected":false},"author":1,"featured_media":0,"comment_status":"closed","ping_status":"closed","sticky":false,"template":"","format":"standard","meta":[],"categories":[13,60],"tags":[],"wps_subtitle":"Neu im TuS","_links":{"self":[{"href":"http:\/\/archiv.tus-jahn-hilfarth.de\/index.php\/wp-json\/wp\/v2\/posts\/5633"}],"collection":[{"href":"http:\/\/archiv.tus-jahn-hilfarth.de\/index.php\/wp-json\/wp\/v2\/posts"}],"about":[{"href":"http:\/\/archiv.tus-jahn-hilfarth.de\/index.php\/wp-json\/wp\/v2\/types\/post"}],"author":[{"embeddable":true,"href":"http:\/\/archiv.tus-jahn-hilfarth.de\/index.php\/wp-json\/wp\/v2\/users\/1"}],"replies":[{"embeddable":true,"href":"http:\/\/archiv.tus-jahn-hilfarth.de\/index.php\/wp-json\/wp\/v2\/comments?post=5633"}],"version-history":[{"count":2,"href":"http:\/\/archiv.tus-jahn-hilfarth.de\/index.php\/wp-json\/wp\/v2\/posts\/5633\/revisions"}],"predecessor-version":[{"id":5635,"href":"http:\/\/archiv.tus-jahn-hilfarth.de\/index.php\/wp-json\/wp\/v2\/posts\/5633\/revisions\/5635"}],"wp:attachment":[{"href":"http:\/\/archiv.tus-jahn-hilfarth.de\/index.php\/wp-json\/wp\/v2\/media?parent=5633"}],"wp:term":[{"taxonomy":"category","embeddable":true,"href":"http:\/\/archiv.tus-jahn-hilfarth.de\/index.php\/wp-json\/wp\/v2\/categories?post=5633"},{"taxonomy":"post_tag","embeddable":true,"href":"http:\/\/archiv.tus-jahn-hilfarth.de\/index.php\/wp-json\/wp\/v2\/tags?post=5633"}],"curies":[{"name":"wp","href":"https:\/\/api.w.org\/{rel}","templated":true}]}}