{"id":5656,"date":"2015-09-29T22:29:53","date_gmt":"2015-09-29T20:29:53","guid":{"rendered":"http:\/\/tus-jahn-hilfarth.de\/?p=5656"},"modified":"2015-09-30T20:14:56","modified_gmt":"2015-09-30T18:14:56","slug":"oliver-weiterhin-im-hindernis-kader-nrw","status":"publish","type":"post","link":"http:\/\/archiv.tus-jahn-hilfarth.de\/index.php\/oliver-weiterhin-im-hindernis-kader-nrw\/","title":{"rendered":"Oliver weiterhin im Hindernis-Kader NRW"},"content":{"rendered":"<p>Die Kader-Nominierungen f\u00fcr die n\u00e4chste Saison stehen fest.<\/p>\n<p>Wir freuen uns dar\u00fcber, dass einer unserer Top-Athleten weiterhin f\u00fcr das Landeskader Hindernis nominiert wurde. Damit stehen Oliver weitere Entwicklungsm\u00f6glichkeiten offen.<\/p>\n<p>Der baldige Abiturient freut sich sehr \u00fcber diese Benennung. Bedeuten sie f\u00fcr ihn weitere Trainingsimpulse und -einheiten in einem hochkar\u00e4tigen und professionellen Trainingsumfeld.<\/p>\n<p>Hier kann er von Trainern wie Leo Montz-Dietz noch jede Mange Tipps bekommen. Unterst\u00fctzt wird er dabei von seinem Trainer J\u00fcrgen Meuser.<\/p>\n","protected":false},"excerpt":{"rendered":"<p>Die Kader-Nominierungen f\u00fcr die n\u00e4chste Saison stehen fest. Wir freuen uns dar\u00fcber, dass einer unserer Top-Athleten weiterhin f\u00fcr das Landeskader Hindernis nominiert wurde. Damit stehen Oliver weitere Entwicklungsm\u00f6glichkeiten offen. Der baldige Abiturient freut sich sehr \u00fcber diese Benennung. Bedeuten sie f\u00fcr ihn weitere Trainingsimpulse und -einheiten in einem hochkar\u00e4tigen und professionellen Trainingsumfeld. Hier kann er [&hellip;]<\/p>\n","protected":false},"author":6,"featured_media":5195,"comment_status":"closed","ping_status":"closed","sticky":false,"template":"","format":"standard","meta":[],"categories":[39,60],"tags":[92],"wps_subtitle":"","_links":{"self":[{"href":"http:\/\/archiv.tus-jahn-hilfarth.de\/index.php\/wp-json\/wp\/v2\/posts\/5656"}],"collection":[{"href":"http:\/\/archiv.tus-jahn-hilfarth.de\/index.php\/wp-json\/wp\/v2\/posts"}],"about":[{"href":"http:\/\/archiv.tus-jahn-hilfarth.de\/index.php\/wp-json\/wp\/v2\/types\/post"}],"author":[{"embeddable":true,"href":"http:\/\/archiv.tus-jahn-hilfarth.de\/index.php\/wp-json\/wp\/v2\/users\/6"}],"replies":[{"embeddable":true,"href":"http:\/\/archiv.tus-jahn-hilfarth.de\/index.php\/wp-json\/wp\/v2\/comments?post=5656"}],"version-history":[{"count":3,"href":"http:\/\/archiv.tus-jahn-hilfarth.de\/index.php\/wp-json\/wp\/v2\/posts\/5656\/revisions"}],"predecessor-version":[{"id":5662,"href":"http:\/\/archiv.tus-jahn-hilfarth.de\/index.php\/wp-json\/wp\/v2\/posts\/5656\/revisions\/5662"}],"wp:featuredmedia":[{"embeddable":true,"href":"http:\/\/archiv.tus-jahn-hilfarth.de\/index.php\/wp-json\/wp\/v2\/media\/5195"}],"wp:attachment":[{"href":"http:\/\/archiv.tus-jahn-hilfarth.de\/index.php\/wp-json\/wp\/v2\/media?parent=5656"}],"wp:term":[{"taxonomy":"category","embeddable":true,"href":"http:\/\/archiv.tus-jahn-hilfarth.de\/index.php\/wp-json\/wp\/v2\/categories?post=5656"},{"taxonomy":"post_tag","embeddable":true,"href":"http:\/\/archiv.tus-jahn-hilfarth.de\/index.php\/wp-json\/wp\/v2\/tags?post=5656"}],"curies":[{"name":"wp","href":"https:\/\/api.w.org\/{rel}","templated":true}]}}