{"id":6003,"date":"2015-11-08T01:48:40","date_gmt":"2015-11-07T23:48:40","guid":{"rendered":"http:\/\/tus-jahn-hilfarth.de\/?p=6003"},"modified":"2015-11-15T23:03:58","modified_gmt":"2015-11-15T21:03:58","slug":"hans-zymbala-geehrt","status":"publish","type":"post","link":"http:\/\/archiv.tus-jahn-hilfarth.de\/index.php\/hans-zymbala-geehrt\/","title":{"rendered":"Hans Zymbala geehrt"},"content":{"rendered":"<p>F\u00fcr 50 Jahre Mitgliedschaft im TuS Jahn Hilfarth wurde Hans heute beim Fest in Blau &amp; Wei\u00df geehrt.<\/p>\n<p>W\u00e4hrend er seine ersten Jahre in der Prellballmannschaft aktiv war, wechselte er dann zur Leichtathletikabteilung.<\/p>\n<p>Der immer noch hoch aktive Langstreckenl\u00e4ufer ist in der TuS Jahn Bestenliste 27 mal aufgef\u00fchrt, immer bei den Langstreckenl\u00e4ufen. In den 80er Jahren wie auch jetzt in den letzten Jahren ist er besonders aktiv gewesen. So mancher Kreismeistertitel findet sich in seinem Archiv wieder.<\/p>\n<p>So wurde Hans erst k\u00fcrzlich auf der\u00a0Spitzenreiterposition bei den Langstrecken in der M40 nach 28 Jahren beerbt. Hans sieht es sportlich. Bis der Kandidat dann ihm die f\u00fchrende Position bei der M70 nimmt, kann er sich lange Zeit seiner Erfolge freuen.<\/p>\n<p>Wenn Hans nicht selber l\u00e4uft, ist er auch bei vielen Veranstaltungen der Jugend in der Leichtathletikabteilung als Helfer sehr gerne dabei. Er ist sich weder zu schade, mal die F\u00fc\u00dfe im Wald platt zu stehen, noch helfend mit anzupacken.<\/p>\n<p>Mit seiner Ruhe\u00a0hat er bereits viele Situationen entspannt.<\/p>\n<p>Wir gratulieren dir Hans ganz herzlich zu dieser &#8220;Ausdauer&#8221; auch hier und freuen uns auf weiterhin viele gemeinsame Wettk\u00e4mpfe mit Dir.<\/p>\n<p><a href=\"http:\/\/tus-jahn-hilfarth.de\/index.php\/hans-zymbala-geehrt\/img_0149\/\" rel=\"attachment wp-att-6005\"><img loading=\"lazy\" class=\"size-medium wp-image-6005 aligncenter\" src=\"http:\/\/tus-jahn-hilfarth.de\/wp-content\/uploads\/2015\/11\/IMG_0149-300x200.jpg\" alt=\"IMG_0149\" width=\"300\" height=\"200\" \/><\/a><\/p>\n","protected":false},"excerpt":{"rendered":"<p>F\u00fcr 50 Jahre Mitgliedschaft im TuS Jahn Hilfarth wurde Hans heute beim Fest in Blau &amp; Wei\u00df geehrt. W\u00e4hrend er seine ersten Jahre in der Prellballmannschaft aktiv war, wechselte er dann zur Leichtathletikabteilung. Der immer noch hoch aktive Langstreckenl\u00e4ufer ist in der TuS Jahn Bestenliste 27 mal aufgef\u00fchrt, immer bei den Langstreckenl\u00e4ufen. In den 80er [&hellip;]<\/p>\n","protected":false},"author":6,"featured_media":6004,"comment_status":"closed","ping_status":"closed","sticky":false,"template":"","format":"standard","meta":[],"categories":[39,60],"tags":[127],"wps_subtitle":"50 Jahre im TuS Jahn","_links":{"self":[{"href":"http:\/\/archiv.tus-jahn-hilfarth.de\/index.php\/wp-json\/wp\/v2\/posts\/6003"}],"collection":[{"href":"http:\/\/archiv.tus-jahn-hilfarth.de\/index.php\/wp-json\/wp\/v2\/posts"}],"about":[{"href":"http:\/\/archiv.tus-jahn-hilfarth.de\/index.php\/wp-json\/wp\/v2\/types\/post"}],"author":[{"embeddable":true,"href":"http:\/\/archiv.tus-jahn-hilfarth.de\/index.php\/wp-json\/wp\/v2\/users\/6"}],"replies":[{"embeddable":true,"href":"http:\/\/archiv.tus-jahn-hilfarth.de\/index.php\/wp-json\/wp\/v2\/comments?post=6003"}],"version-history":[{"count":4,"href":"http:\/\/archiv.tus-jahn-hilfarth.de\/index.php\/wp-json\/wp\/v2\/posts\/6003\/revisions"}],"predecessor-version":[{"id":6078,"href":"http:\/\/archiv.tus-jahn-hilfarth.de\/index.php\/wp-json\/wp\/v2\/posts\/6003\/revisions\/6078"}],"wp:featuredmedia":[{"embeddable":true,"href":"http:\/\/archiv.tus-jahn-hilfarth.de\/index.php\/wp-json\/wp\/v2\/media\/6004"}],"wp:attachment":[{"href":"http:\/\/archiv.tus-jahn-hilfarth.de\/index.php\/wp-json\/wp\/v2\/media?parent=6003"}],"wp:term":[{"taxonomy":"category","embeddable":true,"href":"http:\/\/archiv.tus-jahn-hilfarth.de\/index.php\/wp-json\/wp\/v2\/categories?post=6003"},{"taxonomy":"post_tag","embeddable":true,"href":"http:\/\/archiv.tus-jahn-hilfarth.de\/index.php\/wp-json\/wp\/v2\/tags?post=6003"}],"curies":[{"name":"wp","href":"https:\/\/api.w.org\/{rel}","templated":true}]}}