{"id":6111,"date":"2015-11-22T00:59:40","date_gmt":"2015-11-21T22:59:40","guid":{"rendered":"http:\/\/tus-jahn-hilfarth.de\/?p=6111"},"modified":"2015-11-23T00:19:58","modified_gmt":"2015-11-22T22:19:58","slug":"starke-tus-jahn-laeufer","status":"publish","type":"post","link":"http:\/\/archiv.tus-jahn-hilfarth.de\/index.php\/starke-tus-jahn-laeufer\/","title":{"rendered":"Starke TuS-Jahn-L\u00e4ufer"},"content":{"rendered":"<p>Ende der Fr\u00fchlingstemperaturen im November &#8211; Fortsetzung der Crosslauf-Erfolgsserie: Ein besseres Finale h\u00e4tten die Crossl\u00e4ufe auf Kreisebene aus TuS-Jahn-Sicht kaum haben k\u00f6nnen. Eine Woche vor den Nordrhein-Crossmeisterschaften in einem anderen Teil des Wassenberger Waldes waren unsere L\u00e4ufer \u00e4u\u00dferst erfolgreich bei den Kreismeisterschaften, f\u00fcr Kinder und Jugendliche gleichzeitig letzter Lauf der Kreis-Cross-Cup-Serie. (Im Bild oben v.l.: Michelle Graf (1. der Cross-Serie und Kreismeisterin W12, Karina Meindorfner (1.\/1. W13), Melanie Gille\u00dfen (3.\/3. W11), Romy Winzen (4.\/2. W11), Louisa Horsten (Mannschafts-KM U14), Sophie Fluthgraf (2.\/1. W11), Johanna Helf (1. der Serie W11)).<\/p>\n<p>In chronologischer Reihenfolge, um alle Erfolge gleicherma\u00dfen zu feiern: In Lauf 1, Mittelstrecke 2.1km, dominierte Oliver Hanuschik die U18. Voll aus dem Training kommend, nahm er den Lauf als letzten Test vor dem LVN-Cross n\u00e4chste Woche. Sprinter und Mehrk\u00e4mpfer Patrick Schmitz wurde in einem starken U20-Feld 6. Markus Fluthgraf, dieses Jahr schon auf Stra\u00dfenlaufstrecken stark verbessert, sicherte sich in der M40 erstmals einen Cross-KM-Titel. Nichts Neues dagegen f\u00fcr Hans Zymbala (M70): 50 Jahre TuS-Jahn-Mitglied und erneut Cross-Meister!<\/p>\n<p>Lauf 2, Mittelstrecke Frauen: Berit Fluthgraf (W40) und Renate Horsten (W45) siegten in ihren Altersklassen erstmals bei einer Cross-KM, und zusammen mit Heike Graf (2. W40) gab es den 1. Mannschaftstitel an diesem Tag.<\/p>\n<p>Lauf 3, U14 (1550m): Karina Meindorfner (W13) gelang erneut ein ganz starker Lauf; sie blieb im Endspurt nur einen knappen Meter hinter dem schnellsten Jungen! Wenig sp\u00e4ter folgte mit Michelle Graf schon die W12-Siegerin, und den Mannschaftssieg komplettierte Louisa Horsten (3. W12), kurzfristig aus der U12 aufgestiegen, um erfolgreich 2 kranke U14-M\u00e4dels zu vertreten. Arne Dannert sicherte sich Platz 2 in der M13-Wertung.<\/p>\n<p>Lauf 4, mU12 (1150m): Erst seit Kurzem im TuS-Jahn-Trikot, aber schon auf den Spuren seiner Mutter Silke Rohen: Nils Arne Schr\u00f6der errang Platz 3 bei den 11-j\u00e4hrigen Jungen. Den 5. Platz der M10 belegte Erik Reitinger, diesmal leider einziger Vertreter der Reitinger-Lauffamilie.<\/p>\n<figure id=\"attachment_6121\" aria-describedby=\"caption-attachment-6121\" style=\"width: 282px\" class=\"wp-caption alignleft\"><a href=\"http:\/\/tus-jahn-hilfarth.de\/wp-content\/uploads\/2015\/11\/WinzenR_FluthgrafS_Wassenb_CrossKM_151121_1.jpg\"><img loading=\"lazy\" class=\"wp-image-6121 size-medium\" src=\"http:\/\/tus-jahn-hilfarth.de\/wp-content\/uploads\/2015\/11\/WinzenR_FluthgrafS_Wassenb_CrossKM_151121_1-282x300.jpg\" alt=\"Romy Winzen und Sophie Fluthgraf in Wassenberg\" width=\"282\" height=\"300\" srcset=\"http:\/\/archiv.tus-jahn-hilfarth.de\/wp-content\/uploads\/2015\/11\/WinzenR_FluthgrafS_Wassenb_CrossKM_151121_1-282x300.jpg 282w, http:\/\/archiv.tus-jahn-hilfarth.de\/wp-content\/uploads\/2015\/11\/WinzenR_FluthgrafS_Wassenb_CrossKM_151121_1-120x128.jpg 120w, http:\/\/archiv.tus-jahn-hilfarth.de\/wp-content\/uploads\/2015\/11\/WinzenR_FluthgrafS_Wassenb_CrossKM_151121_1-30x32.jpg 30w, http:\/\/archiv.tus-jahn-hilfarth.de\/wp-content\/uploads\/2015\/11\/WinzenR_FluthgrafS_Wassenb_CrossKM_151121_1.jpg 401w\" sizes=\"(max-width: 282px) 100vw, 282px\" \/><\/a><figcaption id=\"caption-attachment-6121\" class=\"wp-caption-text\">Einbiegen auf die Zielgerade: Romy vor der sp\u00e4teren Siegerin Sophie<\/figcaption><\/figure>\n<p>Lauf 5, wU12 (1150m), unsere derzeitige Paradeklasse: 6 M\u00e4dchen am Start, Platz 1 und 5 in der Mannschaftswertung! In der Einzelwertung der W11 setzte sich die bessere Sprinterin im Endspurt gegen die lange Zeit F\u00fchrende durch: Sophie Fluthgraf gewann ganz knapp vor Romy Winzen, ein paar Sekunden sp\u00e4ter folgte Melanie Gille\u00dfen als 3. Vanessa Morsbach (7. W11), Lea Lambertz (9. W11) und Jule Friedrich (7. W10) errangen Platz 5 in der Mannschaftswertung.<\/p>\n<p>Lauf 6, mU10 (500m): Die Wettk\u00e4mpfe der U10 werden noch ohne Kreismeisterschaftswertung ausgetragen. Frederik Helf (2.) und Tom Mirbach (4.) lagen in der M8 erneut ganz weit vorn.<\/p>\n<p>Lauf 7, wU10 (500m): Ebenso in der W9-Wertung Alina Heizmann (2.) sowie in der W8 Julia Meth (3.) und Hannah Katharina Zensen (7.). Auch in den Klassen der J\u00fcngsten deuten sich also starke Mannschaften f\u00fcr die Zukunft an.<\/p>\n<p>Lauf 9, Langstrecke (Frauen ca 7km, M\u00e4nner ca 8.5km): Die erfolgreiche Stra\u00dfenl\u00e4uferin Nicole Houben nahm auch die H\u00fcgel im Wald mit Bravour und verteidigte in der W40 ihren Titel vom Vorjahr. Einige andere Langstreckler, sonst ebenso eher auf der Stra\u00dfe unterwegs, setzten sich gut in Szene: Daniel Zieten siegte in der M45 vor Hubert G\u00f6rtz, Ralf Sester wurde 2. in der M55. Und dann die Wiederholungst\u00e4ter: Markus Fluthgraf (M40) holte KM-Titel Nr. 2 und mit Daniel und Hubert in der Mannschaft Titel Nr 3. Auch Hans Zymbala, der \u00c4lteste im Bunde, wurde Doppelmeister.<\/p>\n<p>Endstand der Kreis-Cross-Cup-Serie (aus 6 L\u00e4ufen im Jahr 2015 werden die besten 4 gewertet):<\/p>\n<ul>\n<li>W8: 2. Julia Meth, 3. Hannah Katharina Zensen<\/li>\n<li>W9: 1. Alina Heizmann<\/li>\n<li>W11: 1. Johanna Helf, 2. Sophie Fluthgraf, 3. Melanie Gille\u00dfen, 4. Romy Winzen, 6. Louisa Horsten<\/li>\n<li>W12: 1. Michelle Graf<\/li>\n<li>W13: 1. Karina Meindorfner, 2. Annika Reitinger, 4. Hannah Horsten<\/li>\n<li>M8: 2. Ben Hermanns<\/li>\n<li>M10: 3. Erik Reitinger<\/li>\n<li>mU18: 1. Oliver Hanuschik<\/li>\n<\/ul>\n","protected":false},"excerpt":{"rendered":"<p>Ende der Fr\u00fchlingstemperaturen im November &#8211; Fortsetzung der Crosslauf-Erfolgsserie: Ein besseres Finale h\u00e4tten die Crossl\u00e4ufe auf Kreisebene aus TuS-Jahn-Sicht kaum haben k\u00f6nnen. Eine Woche vor den Nordrhein-Crossmeisterschaften in einem anderen Teil des Wassenberger Waldes waren unsere L\u00e4ufer \u00e4u\u00dferst erfolgreich bei den Kreismeisterschaften, f\u00fcr Kinder und Jugendliche gleichzeitig letzter Lauf der Kreis-Cross-Cup-Serie. (Im Bild oben v.l.: [&hellip;]<\/p>\n","protected":false},"author":8,"featured_media":6119,"comment_status":"closed","ping_status":"closed","sticky":false,"template":"","format":"standard","meta":[],"categories":[39,60],"tags":[95,219,194,87,232,199,130,111,101,92,128,231,120,104,110,131,197,88,134,204,116,126,89,230,149,200,145,212,127],"wps_subtitle":"Cross-KM und Cross-Cup-Finale","_links":{"self":[{"href":"http:\/\/archiv.tus-jahn-hilfarth.de\/index.php\/wp-json\/wp\/v2\/posts\/6111"}],"collection":[{"href":"http:\/\/archiv.tus-jahn-hilfarth.de\/index.php\/wp-json\/wp\/v2\/posts"}],"about":[{"href":"http:\/\/archiv.tus-jahn-hilfarth.de\/index.php\/wp-json\/wp\/v2\/types\/post"}],"author":[{"embeddable":true,"href":"http:\/\/archiv.tus-jahn-hilfarth.de\/index.php\/wp-json\/wp\/v2\/users\/8"}],"replies":[{"embeddable":true,"href":"http:\/\/archiv.tus-jahn-hilfarth.de\/index.php\/wp-json\/wp\/v2\/comments?post=6111"}],"version-history":[{"count":16,"href":"http:\/\/archiv.tus-jahn-hilfarth.de\/index.php\/wp-json\/wp\/v2\/posts\/6111\/revisions"}],"predecessor-version":[{"id":6129,"href":"http:\/\/archiv.tus-jahn-hilfarth.de\/index.php\/wp-json\/wp\/v2\/posts\/6111\/revisions\/6129"}],"wp:featuredmedia":[{"embeddable":true,"href":"http:\/\/archiv.tus-jahn-hilfarth.de\/index.php\/wp-json\/wp\/v2\/media\/6119"}],"wp:attachment":[{"href":"http:\/\/archiv.tus-jahn-hilfarth.de\/index.php\/wp-json\/wp\/v2\/media?parent=6111"}],"wp:term":[{"taxonomy":"category","embeddable":true,"href":"http:\/\/archiv.tus-jahn-hilfarth.de\/index.php\/wp-json\/wp\/v2\/categories?post=6111"},{"taxonomy":"post_tag","embeddable":true,"href":"http:\/\/archiv.tus-jahn-hilfarth.de\/index.php\/wp-json\/wp\/v2\/tags?post=6111"}],"curies":[{"name":"wp","href":"https:\/\/api.w.org\/{rel}","templated":true}]}}