{"id":6193,"date":"2015-12-08T00:52:49","date_gmt":"2015-12-07T22:52:49","guid":{"rendered":"http:\/\/tus-jahn-hilfarth.de\/?p=6193"},"modified":"2015-12-08T01:02:36","modified_gmt":"2015-12-07T23:02:36","slug":"53-aachener-winterlauf","status":"publish","type":"post","link":"http:\/\/archiv.tus-jahn-hilfarth.de\/index.php\/53-aachener-winterlauf\/","title":{"rendered":"53. Aachener Winterlauf"},"content":{"rendered":"<p>Tendenziell geht&#8217;s bergab zwischen der Eifel und Aachen &#8211; in der Praxis liegen jedoch auch etliche heftige Anstiege auf der 18km langen Strecke zwischen dem Start bei Zweifall und dem Ziel Am Chorusberg in Aachen. Zum Start gelangen die L\u00e4ufer ausschlie\u00dflich mit organisierten Bussen von Aachen aus. \u00dcber Kornelim\u00fcnster und AC-Brand f\u00fchrt die Strecke durch den Aachener Stadtwald zum Ziel.<\/p>\n<figure id=\"attachment_6194\" aria-describedby=\"caption-attachment-6194\" style=\"width: 300px\" class=\"wp-caption alignleft\"><a href=\"http:\/\/tus-jahn-hilfarth.de\/wp-content\/uploads\/2015\/12\/Winterlauf-AC.jpg\"><img loading=\"lazy\" class=\"size-medium wp-image-6194\" src=\"http:\/\/tus-jahn-hilfarth.de\/wp-content\/uploads\/2015\/12\/Winterlauf-AC-300x209.jpg\" alt=\"Daniel, Hubert, Stephan\" width=\"300\" height=\"209\" srcset=\"http:\/\/archiv.tus-jahn-hilfarth.de\/wp-content\/uploads\/2015\/12\/Winterlauf-AC-300x209.jpg 300w, http:\/\/archiv.tus-jahn-hilfarth.de\/wp-content\/uploads\/2015\/12\/Winterlauf-AC-1024x715.jpg 1024w, http:\/\/archiv.tus-jahn-hilfarth.de\/wp-content\/uploads\/2015\/12\/Winterlauf-AC-128x89.jpg 128w, http:\/\/archiv.tus-jahn-hilfarth.de\/wp-content\/uploads\/2015\/12\/Winterlauf-AC-32x22.jpg 32w, http:\/\/archiv.tus-jahn-hilfarth.de\/wp-content\/uploads\/2015\/12\/Winterlauf-AC.jpg 1120w\" sizes=\"(max-width: 300px) 100vw, 300px\" \/><\/a><figcaption id=\"caption-attachment-6194\" class=\"wp-caption-text\">Daniel, Hubert, Stephan<\/figcaption><\/figure>\n<p>Mehr als 2100 (!) L\u00e4ufer erreichten am 2. Advent den Chorusberg, darunter auch 3 in den Hilfarther Farben: Daniel Zieten, Stephan Wicht und Hubert Goertz waren bei der 53. Auflage dieser beliebten Laufveranstaltung dabei. Sie erreichten Pl\u00e4tze zwischen 60 und 70 in der Klasse M45 &#8211; bei 316 Ziell\u00e4ufern allein in dieser Altersklasse ein beachtlicher Erfolg! Ihre Zeiten: 1:24 Std f\u00fcr Daniel und Stephan, 1:25 f\u00fcr Hubert. Daniel, eine Woche zuvor Nordrheinmeister mit der Hilfarther Crosslauf-Mannschaft, verbesserte sich damit in einem Jahr um 12 Minuten. Und das, obwohl er die Strecke nach einem langen Laufjahr locker anging, nachdem er 2014 noch zu dem Lauf \u00fcberredet wurde. Damals war es sein erster Lauf \u00fcber mehr als 10km und ist mittlerweile &#8220;der Grund, warum ich jetzt \u00fcberhaupt laufe.&#8221; Das gesteckte Ziel, diesmal unter 1:30 zu bleiben, wurde deutlich unterboten.<\/p>\n<p>Unsere Langstreckler &#8211; nicht nur diese 3 &#8211; haben dieses Jahr tolle Ergebnisse erzielt! Wir w\u00fcnschen Ihnen, dass sie gesund bleiben und auch 2016 Ihre Ziele erreichen!<\/p>\n","protected":false},"excerpt":{"rendered":"<p>Tendenziell geht&#8217;s bergab zwischen der Eifel und Aachen &#8211; in der Praxis liegen jedoch auch etliche heftige Anstiege auf der 18km langen Strecke zwischen dem Start bei Zweifall und dem Ziel Am Chorusberg in Aachen. Zum Start gelangen die L\u00e4ufer ausschlie\u00dflich mit organisierten Bussen von Aachen aus. \u00dcber Kornelim\u00fcnster und AC-Brand f\u00fchrt die Strecke durch [&hellip;]<\/p>\n","protected":false},"author":8,"featured_media":0,"comment_status":"closed","ping_status":"closed","sticky":false,"template":"","format":"standard","meta":[],"categories":[39,60],"tags":[130,133,212],"wps_subtitle":"TuS Jahn von Eifel nach Aachen","_links":{"self":[{"href":"http:\/\/archiv.tus-jahn-hilfarth.de\/index.php\/wp-json\/wp\/v2\/posts\/6193"}],"collection":[{"href":"http:\/\/archiv.tus-jahn-hilfarth.de\/index.php\/wp-json\/wp\/v2\/posts"}],"about":[{"href":"http:\/\/archiv.tus-jahn-hilfarth.de\/index.php\/wp-json\/wp\/v2\/types\/post"}],"author":[{"embeddable":true,"href":"http:\/\/archiv.tus-jahn-hilfarth.de\/index.php\/wp-json\/wp\/v2\/users\/8"}],"replies":[{"embeddable":true,"href":"http:\/\/archiv.tus-jahn-hilfarth.de\/index.php\/wp-json\/wp\/v2\/comments?post=6193"}],"version-history":[{"count":4,"href":"http:\/\/archiv.tus-jahn-hilfarth.de\/index.php\/wp-json\/wp\/v2\/posts\/6193\/revisions"}],"predecessor-version":[{"id":6198,"href":"http:\/\/archiv.tus-jahn-hilfarth.de\/index.php\/wp-json\/wp\/v2\/posts\/6193\/revisions\/6198"}],"wp:attachment":[{"href":"http:\/\/archiv.tus-jahn-hilfarth.de\/index.php\/wp-json\/wp\/v2\/media?parent=6193"}],"wp:term":[{"taxonomy":"category","embeddable":true,"href":"http:\/\/archiv.tus-jahn-hilfarth.de\/index.php\/wp-json\/wp\/v2\/categories?post=6193"},{"taxonomy":"post_tag","embeddable":true,"href":"http:\/\/archiv.tus-jahn-hilfarth.de\/index.php\/wp-json\/wp\/v2\/tags?post=6193"}],"curies":[{"name":"wp","href":"https:\/\/api.w.org\/{rel}","templated":true}]}}