{"id":6209,"date":"2015-12-13T20:01:27","date_gmt":"2015-12-13T18:01:27","guid":{"rendered":"http:\/\/tus-jahn-hilfarth.de\/?p=6209"},"modified":"2015-12-13T20:22:54","modified_gmt":"2015-12-13T18:22:54","slug":"abschlussfeier","status":"publish","type":"post","link":"http:\/\/archiv.tus-jahn-hilfarth.de\/index.php\/abschlussfeier\/","title":{"rendered":"Abschlussfeier"},"content":{"rendered":"<p>Am Freitag stand die j\u00e4hrliche Alternative der Leichtathletikabteilung auf dem Programm. Wir trafen uns zur Sportlerehrung im geselligen Rahmen in der Aula.<\/p>\n<p>Alle Familien hatten etwas zum Mitbringbuffet beigetragen, so konnten neben der Ehrung auch viele alt bew\u00e4hrte wie auch neue Rezepte verschmaust werden.<\/p>\n<p>Es war wieder ein gourmet-taugliches Fest.<a href=\"http:\/\/tus-jahn-hilfarth.de\/index.php\/abschlussfeier\/la_20151211_sportabzeichen-2\/\" rel=\"attachment wp-att-6215\"><img loading=\"lazy\" class=\"alignright size-medium wp-image-6215\" src=\"http:\/\/tus-jahn-hilfarth.de\/wp-content\/uploads\/2015\/12\/LA_20151211_Sportabzeichen-2-300x154.jpg\" alt=\"LA_20151211_Sportabzeichen (2)\" width=\"300\" height=\"154\" \/><\/a><\/p>\n<p>Nach den Begr\u00fc\u00dfungsworten von Rolf wurden als erstes die Sportabzeichenabsolventen von Sabine und Steffi geehrt.<\/p>\n<p>In der Zwischenzeiten haben 33 Sportler und Sportlerinnen der Abteilung das Sportabzeichen abgelegt, davon 6 Familien. Somit ist ein stetiger Zuwachs zu vermelden.<\/p>\n<p><a href=\"http:\/\/tus-jahn-hilfarth.de\/index.php\/abschlussfeier\/la_20151211_senioren-2\/\" rel=\"attachment wp-att-6214\"><img loading=\"lazy\" class=\" wp-image-6214 alignleft\" src=\"http:\/\/tus-jahn-hilfarth.de\/wp-content\/uploads\/2015\/12\/LA_20151211_Senioren-2-300x204.jpg\" alt=\"LA_20151211_Senioren (2)\" width=\"381\" height=\"259\" srcset=\"http:\/\/archiv.tus-jahn-hilfarth.de\/wp-content\/uploads\/2015\/12\/LA_20151211_Senioren-2-300x204.jpg 300w, http:\/\/archiv.tus-jahn-hilfarth.de\/wp-content\/uploads\/2015\/12\/LA_20151211_Senioren-2-1024x697.jpg 1024w, http:\/\/archiv.tus-jahn-hilfarth.de\/wp-content\/uploads\/2015\/12\/LA_20151211_Senioren-2-128x87.jpg 128w, http:\/\/archiv.tus-jahn-hilfarth.de\/wp-content\/uploads\/2015\/12\/LA_20151211_Senioren-2-32x22.jpg 32w\" sizes=\"(max-width: 381px) 100vw, 381px\" \/><\/a><\/p>\n<p>Sehr erfreulich auch die Entwicklung im Seniorensport. Neben der stetig anwachsenden Anzahl an L\u00e4ufern und L\u00e4uferinnen, kommen jetzt auch die technischen Disziplinen dazu. Auch hier wurden diverse Titel erlangt und die Ergebnisse k\u00f6nnen sich sogar in der LVN-Bestenliste sehen lassen.<\/p>\n<p>&nbsp;<\/p>\n<p><a href=\"http:\/\/tus-jahn-hilfarth.de\/index.php\/abschlussfeier\/la_20151211_team-2\/\" rel=\"attachment wp-att-6213\"><img loading=\"lazy\" class=\"alignright wp-image-6213\" src=\"http:\/\/tus-jahn-hilfarth.de\/wp-content\/uploads\/2015\/12\/LA_20151211_Team-2-300x132.jpg\" alt=\"LA_20151211_Team (2)\" width=\"266\" height=\"117\" srcset=\"http:\/\/archiv.tus-jahn-hilfarth.de\/wp-content\/uploads\/2015\/12\/LA_20151211_Team-2-300x132.jpg 300w, http:\/\/archiv.tus-jahn-hilfarth.de\/wp-content\/uploads\/2015\/12\/LA_20151211_Team-2-1024x452.jpg 1024w, http:\/\/archiv.tus-jahn-hilfarth.de\/wp-content\/uploads\/2015\/12\/LA_20151211_Team-2-128x57.jpg 128w, http:\/\/archiv.tus-jahn-hilfarth.de\/wp-content\/uploads\/2015\/12\/LA_20151211_Team-2-32x14.jpg 32w\" sizes=\"(max-width: 266px) 100vw, 266px\" \/><\/a>Nach der Pause gab es ein kleines Dankesch\u00f6n an die ganze Crew, insbesondere selbstverst\u00e4ndlich an die Trainer, die hier jede Woche p\u00fcnktlich und zuverl\u00e4ssig und gut vorbereitet das Training leiten. Das ist bei der Menge Kinder und Jugendliche, die dann auch meist zeitgleich trainieren, manchmal sogar eine k\u00f6rperliche Herausforderung. Im Hintergrund sind dann noch einige Leute aktiv, die dann das &#8220;verwalterische&#8221; machen und somit den Trainern den R\u00fccken frei halten.<\/p>\n<p><a href=\"http:\/\/tus-jahn-hilfarth.de\/index.php\/abschlussfeier\/la_20151211_olli\/\" rel=\"attachment wp-att-6219\"><img loading=\"lazy\" class=\" wp-image-6219 alignleft\" src=\"http:\/\/tus-jahn-hilfarth.de\/wp-content\/uploads\/2015\/12\/LA_20151211_Olli-300x200.jpg\" alt=\"LA_20151211_Olli\" width=\"195\" height=\"130\" srcset=\"http:\/\/archiv.tus-jahn-hilfarth.de\/wp-content\/uploads\/2015\/12\/LA_20151211_Olli-300x200.jpg 300w, http:\/\/archiv.tus-jahn-hilfarth.de\/wp-content\/uploads\/2015\/12\/LA_20151211_Olli-1024x683.jpg 1024w, http:\/\/archiv.tus-jahn-hilfarth.de\/wp-content\/uploads\/2015\/12\/LA_20151211_Olli-128x85.jpg 128w, http:\/\/archiv.tus-jahn-hilfarth.de\/wp-content\/uploads\/2015\/12\/LA_20151211_Olli-32x21.jpg 32w, http:\/\/archiv.tus-jahn-hilfarth.de\/wp-content\/uploads\/2015\/12\/LA_20151211_Olli-272x182.jpg 272w\" sizes=\"(max-width: 195px) 100vw, 195px\" \/><\/a>Hiernach ging es zum eigentlichen Kern der Veranstaltung der Ehrung der Kinder und Jugendlichen. Eingeleitet mit den Worten unseres ersten Vorsitzenden Olli begann die Ehrung aller anwesenden Kinder. F\u00fcr jedes Kind gab es eine pers\u00f6nliche Urkunde und ein Pr\u00e4sent des Vereines, ein Duschgel mit TuS Jahn Logo.<\/p>\n<p>Leider konnten weder unser Jugendwart Arndt Holten mit dabei sein und noch der sonst sehr gerne mit markigen Worten unterst\u00fctzende Nikolaus.<\/p>\n<p>Beide waren im Dienste ihres Arbeitgebers anderweitig verpflichtet.<\/p>\n<p>Doch die Trainer fanden zu allen ihren Sch\u00fctzlingen herzliche Worte.<a href=\"http:\/\/tus-jahn-hilfarth.de\/index.php\/abschlussfeier\/la_20151211_kiddies-2\/\" rel=\"attachment wp-att-6212\"><img loading=\"lazy\" class=\" wp-image-6212 alignleft\" src=\"http:\/\/tus-jahn-hilfarth.de\/wp-content\/uploads\/2015\/12\/LA_20151211_Kiddies-2-300x170.jpg\" alt=\"LA_20151211_Kiddies (2)\" width=\"339\" height=\"192\" srcset=\"http:\/\/archiv.tus-jahn-hilfarth.de\/wp-content\/uploads\/2015\/12\/LA_20151211_Kiddies-2-300x170.jpg 300w, http:\/\/archiv.tus-jahn-hilfarth.de\/wp-content\/uploads\/2015\/12\/LA_20151211_Kiddies-2-1024x581.jpg 1024w, http:\/\/archiv.tus-jahn-hilfarth.de\/wp-content\/uploads\/2015\/12\/LA_20151211_Kiddies-2-128x73.jpg 128w, http:\/\/archiv.tus-jahn-hilfarth.de\/wp-content\/uploads\/2015\/12\/LA_20151211_Kiddies-2-32x18.jpg 32w\" sizes=\"(max-width: 339px) 100vw, 339px\" \/><\/a><\/p>\n<p>Unsere &#8220;Kleinsten&#8221; Alina, Julia, Michelle, Frederik, Tom und Ben wurden von Ingo, Bettina &amp; Heike pr\u00e4sentiert.<\/p>\n<p><a href=\"http:\/\/tus-jahn-hilfarth.de\/index.php\/abschlussfeier\/la_20151211_u14-2\/\" rel=\"attachment wp-att-6211\"><img loading=\"lazy\" class=\"alignright wp-image-6211\" src=\"http:\/\/tus-jahn-hilfarth.de\/wp-content\/uploads\/2015\/12\/LA_20151211_U14-2-300x169.jpg\" alt=\"LA_20151211_U14 (2)\" width=\"343\" height=\"193\" srcset=\"http:\/\/archiv.tus-jahn-hilfarth.de\/wp-content\/uploads\/2015\/12\/LA_20151211_U14-2-300x169.jpg 300w, http:\/\/archiv.tus-jahn-hilfarth.de\/wp-content\/uploads\/2015\/12\/LA_20151211_U14-2-1024x576.jpg 1024w, http:\/\/archiv.tus-jahn-hilfarth.de\/wp-content\/uploads\/2015\/12\/LA_20151211_U14-2-128x72.jpg 128w, http:\/\/archiv.tus-jahn-hilfarth.de\/wp-content\/uploads\/2015\/12\/LA_20151211_U14-2-32x18.jpg 32w\" sizes=\"(max-width: 343px) 100vw, 343px\" \/><br \/>\n<\/a><\/p>\n<p>&nbsp;<\/p>\n<p>&nbsp;<\/p>\n<p>Danach kamen die schon etwas &#8220;Gr\u00f6\u00dferen&#8221; von Jonas und Markus dran. Hier dabei Nils, Erik, Louisa, Sophie, Jule, Melanie, Johanna, Vanessa.<\/p>\n<p>Einstarker, wenn auch lebhafter Trupp wurde ihnen bescheinigt, aber auch sehr erfolgreich. Eine gutes Team mit starkem Zusammenhalt.<\/p>\n<p><a href=\"http:\/\/tus-jahn-hilfarth.de\/index.php\/abschlussfeier\/la_20151211_u16-2\/\" rel=\"attachment wp-att-6220\"><img loading=\"lazy\" class=\"size-medium wp-image-6220 alignleft\" src=\"http:\/\/tus-jahn-hilfarth.de\/wp-content\/uploads\/2015\/12\/LA_20151211_U16-2-300x192.jpg\" alt=\"LA_20151211_U16 (2)\" width=\"300\" height=\"192\" srcset=\"http:\/\/archiv.tus-jahn-hilfarth.de\/wp-content\/uploads\/2015\/12\/LA_20151211_U16-2-300x192.jpg 300w, http:\/\/archiv.tus-jahn-hilfarth.de\/wp-content\/uploads\/2015\/12\/LA_20151211_U16-2-1024x657.jpg 1024w, http:\/\/archiv.tus-jahn-hilfarth.de\/wp-content\/uploads\/2015\/12\/LA_20151211_U16-2-128x82.jpg 128w, http:\/\/archiv.tus-jahn-hilfarth.de\/wp-content\/uploads\/2015\/12\/LA_20151211_U16-2-32x21.jpg 32w, http:\/\/archiv.tus-jahn-hilfarth.de\/wp-content\/uploads\/2015\/12\/LA_20151211_U16-2-80x50.jpg 80w\" sizes=\"(max-width: 300px) 100vw, 300px\" \/><\/a>Rolf ehrte seinen &#8220;\u00e4lteren&#8221; Trupp hier mit Michelle, Luca, Saskia, Hannah, Arne, Annika, Karina, Merritt und Laura. Hier fanden sich etliche Kreis- und Regiomeistertitel im vergangenen Jahr wieder.<\/p>\n<p>&nbsp;<\/p>\n<p>&nbsp;<\/p>\n<p>&nbsp;<\/p>\n<p><a href=\"http:\/\/tus-jahn-hilfarth.de\/index.php\/abschlussfeier\/la_20151211_u18_20\/\" rel=\"attachment wp-att-6217\"><img loading=\"lazy\" class=\"alignright wp-image-6217\" src=\"http:\/\/tus-jahn-hilfarth.de\/wp-content\/uploads\/2015\/12\/LA_20151211_U18_20-e1450030698428-300x151.jpg\" alt=\"LA_20151211_U18_20\" width=\"330\" height=\"166\" srcset=\"http:\/\/archiv.tus-jahn-hilfarth.de\/wp-content\/uploads\/2015\/12\/LA_20151211_U18_20-e1450030698428-300x151.jpg 300w, http:\/\/archiv.tus-jahn-hilfarth.de\/wp-content\/uploads\/2015\/12\/LA_20151211_U18_20-e1450030698428-1024x515.jpg 1024w, http:\/\/archiv.tus-jahn-hilfarth.de\/wp-content\/uploads\/2015\/12\/LA_20151211_U18_20-e1450030698428-128x64.jpg 128w, http:\/\/archiv.tus-jahn-hilfarth.de\/wp-content\/uploads\/2015\/12\/LA_20151211_U18_20-e1450030698428-32x16.jpg 32w\" sizes=\"(max-width: 330px) 100vw, 330px\" \/><\/a>Abgerundet wurden die Ehrungen von Reinhard und J\u00fcrgen mit den &#8220;alten&#8221; Hasen. W\u00e4hrend die j\u00fcngeren Klassen gr\u00f6\u00dftenteils weiblich besetzt sind, reibt sich hier der Beobachter verwundert die Augen und findet nur junge M\u00e4nner im TuS Jahn.<\/p>\n<p>Aber wir haben gesehen, der weibliche Nachwuchs r\u00fcckt nach.<\/p>\n<p>In dieser Runde spielen aber erst einmal Martin, Patrick G., Mirko, Patrick S., Steven, Moritz und Olli die Hauptrolle.<\/p>\n","protected":false},"excerpt":{"rendered":"<p>Am Freitag stand die j\u00e4hrliche Alternative der Leichtathletikabteilung auf dem Programm. Wir trafen uns zur Sportlerehrung im geselligen Rahmen in der Aula. Alle Familien hatten etwas zum Mitbringbuffet beigetragen, so konnten neben der Ehrung auch viele alt bew\u00e4hrte wie auch neue Rezepte verschmaust werden. Es war wieder ein gourmet-taugliches Fest. Nach den Begr\u00fc\u00dfungsworten von Rolf [&hellip;]<\/p>\n","protected":false},"author":6,"featured_media":6216,"comment_status":"closed","ping_status":"closed","sticky":false,"template":"","format":"standard","meta":[],"categories":[39,60],"tags":[],"wps_subtitle":"Leichtathleten ehren ihre Meister","_links":{"self":[{"href":"http:\/\/archiv.tus-jahn-hilfarth.de\/index.php\/wp-json\/wp\/v2\/posts\/6209"}],"collection":[{"href":"http:\/\/archiv.tus-jahn-hilfarth.de\/index.php\/wp-json\/wp\/v2\/posts"}],"about":[{"href":"http:\/\/archiv.tus-jahn-hilfarth.de\/index.php\/wp-json\/wp\/v2\/types\/post"}],"author":[{"embeddable":true,"href":"http:\/\/archiv.tus-jahn-hilfarth.de\/index.php\/wp-json\/wp\/v2\/users\/6"}],"replies":[{"embeddable":true,"href":"http:\/\/archiv.tus-jahn-hilfarth.de\/index.php\/wp-json\/wp\/v2\/comments?post=6209"}],"version-history":[{"count":7,"href":"http:\/\/archiv.tus-jahn-hilfarth.de\/index.php\/wp-json\/wp\/v2\/posts\/6209\/revisions"}],"predecessor-version":[{"id":6226,"href":"http:\/\/archiv.tus-jahn-hilfarth.de\/index.php\/wp-json\/wp\/v2\/posts\/6209\/revisions\/6226"}],"wp:featuredmedia":[{"embeddable":true,"href":"http:\/\/archiv.tus-jahn-hilfarth.de\/index.php\/wp-json\/wp\/v2\/media\/6216"}],"wp:attachment":[{"href":"http:\/\/archiv.tus-jahn-hilfarth.de\/index.php\/wp-json\/wp\/v2\/media?parent=6209"}],"wp:term":[{"taxonomy":"category","embeddable":true,"href":"http:\/\/archiv.tus-jahn-hilfarth.de\/index.php\/wp-json\/wp\/v2\/categories?post=6209"},{"taxonomy":"post_tag","embeddable":true,"href":"http:\/\/archiv.tus-jahn-hilfarth.de\/index.php\/wp-json\/wp\/v2\/tags?post=6209"}],"curies":[{"name":"wp","href":"https:\/\/api.w.org\/{rel}","templated":true}]}}