{"id":6426,"date":"2016-01-29T23:32:44","date_gmt":"2016-01-29T21:32:44","guid":{"rendered":"http:\/\/tus-jahn-hilfarth.de\/?p=6426"},"modified":"2016-01-31T00:30:30","modified_gmt":"2016-01-30T22:30:30","slug":"generalversammlung-harmonisch-verlaufen","status":"publish","type":"post","link":"http:\/\/archiv.tus-jahn-hilfarth.de\/index.php\/generalversammlung-harmonisch-verlaufen\/","title":{"rendered":"Generalversammlung harmonisch verlaufen"},"content":{"rendered":"<p>Am Montag fand die diesj\u00e4hrige j\u00e4hrliche Generalversammlung im Vereinsheim Windelen statt.<\/p>\n<p>Die Beteiligung war d\u00fcrftig. 37 stimmberechtigte Mitglieder, davon 10 vorne am Vorstandstisch.<\/p>\n<p>Wie Dirk Hermsmeier bei seiner Er\u00f6ffnung bemerkte, ist der Verein mittlerweile so gro\u00df, dass die 11 Vorstandsposten alle gen\u00fcgend zu tun haben, um die Geschicke des Vereins zu lenken. Da verwundert die geringe Beteiligung der vielen Mitglieder doch etwas.<\/p>\n<p>Der Gesch\u00e4ftsbericht von Olli umfasste die Veranstaltungen, Erfolge, den Vereinsheimbau und einen Ausblick auf die n\u00e4chsten Aktivit\u00e4ten.<\/p>\n<p>Auch die Abteilungsleiter berichteten aus ihren Abteilungen. die &#8220;alten Herren&#8221; konnten nach vielen Jahren eine positive Entwicklung vermelden.<\/p>\n<p>Zur Wahl standen der 2. Vorsitzende (Achim Sodekamp), 1. Gesch\u00e4ftsf\u00fchrer (Kai Lengersdorf), 2. Kassenwart (Patrick Indorf), 2. Beisitzer (J\u00f6rg Markmann) und 4. Beisitzerin (Steffi Schmitz-G\u00f6rres). Alle Posten wurden wieder gew\u00e4hlt.<\/p>\n<p>&nbsp;<\/p>\n","protected":false},"excerpt":{"rendered":"<p>Am Montag fand die diesj\u00e4hrige j\u00e4hrliche Generalversammlung im Vereinsheim Windelen statt. Die Beteiligung war d\u00fcrftig. 37 stimmberechtigte Mitglieder, davon 10 vorne am Vorstandstisch. Wie Dirk Hermsmeier bei seiner Er\u00f6ffnung bemerkte, ist der Verein mittlerweile so gro\u00df, dass die 11 Vorstandsposten alle gen\u00fcgend zu tun haben, um die Geschicke des Vereins zu lenken. Da verwundert die [&hellip;]<\/p>\n","protected":false},"author":6,"featured_media":6427,"comment_status":"closed","ping_status":"closed","sticky":false,"template":"","format":"standard","meta":[],"categories":[60,1],"tags":[],"wps_subtitle":"Beteiligung ausbauf\u00e4hig","_links":{"self":[{"href":"http:\/\/archiv.tus-jahn-hilfarth.de\/index.php\/wp-json\/wp\/v2\/posts\/6426"}],"collection":[{"href":"http:\/\/archiv.tus-jahn-hilfarth.de\/index.php\/wp-json\/wp\/v2\/posts"}],"about":[{"href":"http:\/\/archiv.tus-jahn-hilfarth.de\/index.php\/wp-json\/wp\/v2\/types\/post"}],"author":[{"embeddable":true,"href":"http:\/\/archiv.tus-jahn-hilfarth.de\/index.php\/wp-json\/wp\/v2\/users\/6"}],"replies":[{"embeddable":true,"href":"http:\/\/archiv.tus-jahn-hilfarth.de\/index.php\/wp-json\/wp\/v2\/comments?post=6426"}],"version-history":[{"count":3,"href":"http:\/\/archiv.tus-jahn-hilfarth.de\/index.php\/wp-json\/wp\/v2\/posts\/6426\/revisions"}],"predecessor-version":[{"id":6440,"href":"http:\/\/archiv.tus-jahn-hilfarth.de\/index.php\/wp-json\/wp\/v2\/posts\/6426\/revisions\/6440"}],"wp:featuredmedia":[{"embeddable":true,"href":"http:\/\/archiv.tus-jahn-hilfarth.de\/index.php\/wp-json\/wp\/v2\/media\/6427"}],"wp:attachment":[{"href":"http:\/\/archiv.tus-jahn-hilfarth.de\/index.php\/wp-json\/wp\/v2\/media?parent=6426"}],"wp:term":[{"taxonomy":"category","embeddable":true,"href":"http:\/\/archiv.tus-jahn-hilfarth.de\/index.php\/wp-json\/wp\/v2\/categories?post=6426"},{"taxonomy":"post_tag","embeddable":true,"href":"http:\/\/archiv.tus-jahn-hilfarth.de\/index.php\/wp-json\/wp\/v2\/tags?post=6426"}],"curies":[{"name":"wp","href":"https:\/\/api.w.org\/{rel}","templated":true}]}}