{"id":6605,"date":"2016-03-07T23:49:41","date_gmt":"2016-03-07T21:49:41","guid":{"rendered":"http:\/\/tus-jahn-hilfarth.de\/?p=6605"},"modified":"2016-03-07T23:55:47","modified_gmt":"2016-03-07T21:55:47","slug":"gangelt-diesmal-nicht-nur-im-sonnenschein","status":"publish","type":"post","link":"http:\/\/archiv.tus-jahn-hilfarth.de\/index.php\/gangelt-diesmal-nicht-nur-im-sonnenschein\/","title":{"rendered":"Gangelt diesmal nicht nur im Sonnenschein"},"content":{"rendered":"<p><a href=\"http:\/\/tus-jahn-hilfarth.de\/index.php\/gangelt-diesmal-nicht-nur-im-sonnenschein\/img-20160307-wa0002\/\" rel=\"attachment wp-att-6608\"><img loading=\"lazy\" class=\"alignright size-medium wp-image-6608\" src=\"http:\/\/tus-jahn-hilfarth.de\/wp-content\/uploads\/2016\/03\/IMG-20160307-WA0002-300x225.jpg\" alt=\"IMG-20160307-WA0002\" width=\"300\" height=\"225\" srcset=\"http:\/\/archiv.tus-jahn-hilfarth.de\/wp-content\/uploads\/2016\/03\/IMG-20160307-WA0002-300x225.jpg 300w, http:\/\/archiv.tus-jahn-hilfarth.de\/wp-content\/uploads\/2016\/03\/IMG-20160307-WA0002-768x576.jpg 768w, http:\/\/archiv.tus-jahn-hilfarth.de\/wp-content\/uploads\/2016\/03\/IMG-20160307-WA0002-1024x768.jpg 1024w, http:\/\/archiv.tus-jahn-hilfarth.de\/wp-content\/uploads\/2016\/03\/IMG-20160307-WA0002-128x96.jpg 128w, http:\/\/archiv.tus-jahn-hilfarth.de\/wp-content\/uploads\/2016\/03\/IMG-20160307-WA0002-32x24.jpg 32w, http:\/\/archiv.tus-jahn-hilfarth.de\/wp-content\/uploads\/2016\/03\/IMG-20160307-WA0002.jpg 1600w\" sizes=\"(max-width: 300px) 100vw, 300px\" \/><\/a>Nachdem in den letzten Jahren beim Selfkant-Lauf in Gangelt die ersten Saison-Sonnenbr\u00e4nde eingefangen wurden, war es diesmal ganz anders. So wurde der Sonntag mit heftigem Schneefall eingel\u00e4utet. Aber im Laufe des Tages l\u00f6ste sich dieser gl\u00fccklicher Weise auf, so dass nur die k\u00fcrzeren Strecken beim heftigen Regen absolviert werden mussten. Das war zwar f\u00fcr die Beteiligten keinen Deut besser, aber zumindestens zeitlich \u00fcberblickbar.<\/p>\n<p>Aber zum sportlichen Part:<\/p>\n<p>Der 2,5 km Jedermann\/Frau-Lauf war mit drei L\u00e4uferinnen des TuS Jahn besetzt.3 Altersklassensiege hier, Hut ab:<\/p>\n<ol>\n<li>WJ U16 REITINGER, Annika 00:10:31<\/li>\n<li>WK U10 METH, Julia 00:12:14<\/li>\n<li>W40 JANSEN-METH, Stefanie 00:13:05<\/li>\n<\/ol>\n<p>Den 5km Lauf nahm Bettina zum Anlass, mal wieder nach langer Zeit auf der Langstrecke anzugreifen. Mit 32:49 min fand sie auf der nassen und schlammigen Strecke wieder einen guten Einstieg. Ca. 3 min vor ihr war Erik Reitinger mit 29:26 min im Ziel.<\/p>\n<p>Bei den 10 km L\u00e4ufen war dann schon etwas mehr los. In der Zwischenzeit hatte es auch aufgeh\u00f6rt zu regnen, allerdings blieb die Strecke grenzwertig. Ein sicherer Fu\u00df war gefragt.<\/p>\n<p>REITINGER, Stephan 0:39:35<\/p>\n<p>GOERTZ, Hubert 1966 0:44:14<\/p>\n<p>HORSTEN, Renate 1966 0:50:03<\/p>\n<p>FLEISCHER, Christina 1969 <strong>00:52:59<\/strong><\/p>\n<p>MONES-ROHLOFF, Jessica 1971 0:56:07<\/p>\n<p>SCHMITZ, Rolf 1966 1:08:26<\/p>\n<p>HENSEN, Reinhard 1957 1:10:11<\/p>\n<p>&nbsp;<\/p>\n<p>Und dann gab es noch die uners\u00e4ttlichen, die die Halbmarathonstrecke absolvierten. Zu dieser Zeit kam sogar teilweise wieder die Sonne raus. Was f\u00fcr ein verr\u00fcckter Wettertag:<\/p>\n<p align=\"LEFT\"><span style=\"font-family: CalibriLight; font-size: medium;\">ZIETEN, Daniel 1:42:46<\/span><\/p>\n<p><span style=\"font-family: CalibriLight; font-size: medium;\"><span style=\"font-family: CalibriLight; font-size: medium;\">HEUTZ, Sven\u00a0 1:42:47<\/span><\/span><\/p>\n<p>GRATES, Wolfgang 1:46:14<\/p>\n<p>&nbsp;<\/p>\n<p>&nbsp;<\/p>\n<p>&nbsp;<\/p>\n","protected":false},"excerpt":{"rendered":"<p>Nachdem in den letzten Jahren beim Selfkant-Lauf in Gangelt die ersten Saison-Sonnenbr\u00e4nde eingefangen wurden, war es diesmal ganz anders. So wurde der Sonntag mit heftigem Schneefall eingel\u00e4utet. Aber im Laufe des Tages l\u00f6ste sich dieser gl\u00fccklicher Weise auf, so dass nur die k\u00fcrzeren Strecken beim heftigen Regen absolviert werden mussten. Das war zwar f\u00fcr die [&hellip;]<\/p>\n","protected":false},"author":6,"featured_media":0,"comment_status":"closed","ping_status":"closed","sticky":false,"template":"","format":"standard","meta":[],"categories":[39],"tags":[205,130,141,222,140,110,206,134,215,84,126,129,132,212],"wps_subtitle":"","_links":{"self":[{"href":"http:\/\/archiv.tus-jahn-hilfarth.de\/index.php\/wp-json\/wp\/v2\/posts\/6605"}],"collection":[{"href":"http:\/\/archiv.tus-jahn-hilfarth.de\/index.php\/wp-json\/wp\/v2\/posts"}],"about":[{"href":"http:\/\/archiv.tus-jahn-hilfarth.de\/index.php\/wp-json\/wp\/v2\/types\/post"}],"author":[{"embeddable":true,"href":"http:\/\/archiv.tus-jahn-hilfarth.de\/index.php\/wp-json\/wp\/v2\/users\/6"}],"replies":[{"embeddable":true,"href":"http:\/\/archiv.tus-jahn-hilfarth.de\/index.php\/wp-json\/wp\/v2\/comments?post=6605"}],"version-history":[{"count":6,"href":"http:\/\/archiv.tus-jahn-hilfarth.de\/index.php\/wp-json\/wp\/v2\/posts\/6605\/revisions"}],"predecessor-version":[{"id":6612,"href":"http:\/\/archiv.tus-jahn-hilfarth.de\/index.php\/wp-json\/wp\/v2\/posts\/6605\/revisions\/6612"}],"wp:attachment":[{"href":"http:\/\/archiv.tus-jahn-hilfarth.de\/index.php\/wp-json\/wp\/v2\/media?parent=6605"}],"wp:term":[{"taxonomy":"category","embeddable":true,"href":"http:\/\/archiv.tus-jahn-hilfarth.de\/index.php\/wp-json\/wp\/v2\/categories?post=6605"},{"taxonomy":"post_tag","embeddable":true,"href":"http:\/\/archiv.tus-jahn-hilfarth.de\/index.php\/wp-json\/wp\/v2\/tags?post=6605"}],"curies":[{"name":"wp","href":"https:\/\/api.w.org\/{rel}","templated":true}]}}