{"id":6641,"date":"2016-03-12T23:33:12","date_gmt":"2016-03-12T21:33:12","guid":{"rendered":"http:\/\/tus-jahn-hilfarth.de\/?p=6641"},"modified":"2016-03-13T14:08:38","modified_gmt":"2016-03-13T12:08:38","slug":"hueckelhovener-sportlerehrung","status":"publish","type":"post","link":"http:\/\/archiv.tus-jahn-hilfarth.de\/index.php\/hueckelhovener-sportlerehrung\/","title":{"rendered":"H\u00fcckelhovener Sportlerehrung"},"content":{"rendered":"<p>Zur Ehrung der H\u00fcckelhovener Sportler und Ehrenamtler hatte Freitag Abend der StadtSportVerband H\u00fcckelhoven eingeladen.<\/p>\n<p>Begr\u00fc\u00dft durch den Vorsitzenden Hans-Josef Geiser und den stellvertretenden B\u00fcrgermeister Dieter Geitner ging es moderiert von Guido Kozak durch den kurzweiligen Abend.<\/p>\n<p><a href=\"http:\/\/tus-jahn-hilfarth.de\/index.php\/hueckelhovener-sportlerehrung\/la_ssv-2\/\" rel=\"attachment wp-att-6660\"><img loading=\"lazy\" class=\" wp-image-6660 alignleft\" src=\"http:\/\/tus-jahn-hilfarth.de\/wp-content\/uploads\/2016\/03\/LA_SSV-1-300x200.jpg\" alt=\"LA_SSV\" width=\"575\" height=\"383\" srcset=\"http:\/\/archiv.tus-jahn-hilfarth.de\/wp-content\/uploads\/2016\/03\/LA_SSV-1-300x200.jpg 300w, http:\/\/archiv.tus-jahn-hilfarth.de\/wp-content\/uploads\/2016\/03\/LA_SSV-1-768x512.jpg 768w, http:\/\/archiv.tus-jahn-hilfarth.de\/wp-content\/uploads\/2016\/03\/LA_SSV-1-1024x683.jpg 1024w, http:\/\/archiv.tus-jahn-hilfarth.de\/wp-content\/uploads\/2016\/03\/LA_SSV-1-128x85.jpg 128w, http:\/\/archiv.tus-jahn-hilfarth.de\/wp-content\/uploads\/2016\/03\/LA_SSV-1-32x21.jpg 32w, http:\/\/archiv.tus-jahn-hilfarth.de\/wp-content\/uploads\/2016\/03\/LA_SSV-1-272x182.jpg 272w\" sizes=\"(max-width: 575px) 100vw, 575px\" \/><\/a>Diesmal war der TuS Jahn mit zwei Abteilungen bei dieser Veranstaltung eingeladen. W\u00e4hrend die Leichtathletik-Abteilung wieder einmal als st\u00e4rkste Abteilung, diesmal mit 44 Sportlern und Sportlerinnen vertreten war und als erstes auf die B\u00fchne durfte, schlossen unsere C-M\u00e4dchen den Abend im letzten Ehrungsblock der Kreismeister Mannschaften ab.<\/p>\n<p>Von Oliver Hanuschik und Moritz Ringk als Teilnehmer von NRW-Meisterschaften ging es weiter \u00fcber Kreis- und Regiomeister im Jugend- und Erwachsenenbereich. Auch die Kreisbesten der U12 wurden mit einem sch\u00f6nen Glaspokal geehrt.<\/p>\n<p><a href=\"http:\/\/tus-jahn-hilfarth.de\/index.php\/hueckelhovener-sportlerehrung\/c-maedels_ssv\/\" rel=\"attachment wp-att-6646\"><img loading=\"lazy\" class=\"alignright wp-image-6646\" src=\"http:\/\/tus-jahn-hilfarth.de\/wp-content\/uploads\/2016\/03\/C-M\u00e4dels_SSV-300x180.jpg\" alt=\"C-M\u00e4dels_SSV\" width=\"576\" height=\"346\" srcset=\"http:\/\/archiv.tus-jahn-hilfarth.de\/wp-content\/uploads\/2016\/03\/C-M\u00e4dels_SSV-300x180.jpg 300w, http:\/\/archiv.tus-jahn-hilfarth.de\/wp-content\/uploads\/2016\/03\/C-M\u00e4dels_SSV-768x461.jpg 768w, http:\/\/archiv.tus-jahn-hilfarth.de\/wp-content\/uploads\/2016\/03\/C-M\u00e4dels_SSV-1024x614.jpg 1024w, http:\/\/archiv.tus-jahn-hilfarth.de\/wp-content\/uploads\/2016\/03\/C-M\u00e4dels_SSV-128x77.jpg 128w, http:\/\/archiv.tus-jahn-hilfarth.de\/wp-content\/uploads\/2016\/03\/C-M\u00e4dels_SSV-32x19.jpg 32w, http:\/\/archiv.tus-jahn-hilfarth.de\/wp-content\/uploads\/2016\/03\/C-M\u00e4dels_SSV.jpg 1600w\" sizes=\"(max-width: 576px) 100vw, 576px\" \/><\/a>Unsere weibliche C-Fu\u00dfball-Jugend hatte im letzten Jahr die Kreismeisterschaft in der Halle wie auch im Feld gewonnen, daher waren sie zur Sportlerehrung eingeladen worden. Da die Kreisebene im Fu\u00dfball schon wesentlich schwerer zu erreichen ist, findet man Fu\u00dfballer und Fu\u00dfballerinnen auf der Ehrung trotz des hohen Anteils am Gesamtsport\u00a0schon sehr selten.<\/p>\n<p>Um so sch\u00f6ner, dass unsere M\u00e4dels den Sprung geschafft haben.<\/p>\n<p>Euch allen herzlichen Gl\u00fcckwunsch zu Euren Leistungen in 2015 und weiter so!<\/p>\n<p>&nbsp;<\/p>\n<p>Hier die <a href=\"http:\/\/tus-jahn-hilfarth.de\/lathletik\/wettkaempfe\/2016\/PPP 2015_TuS Jahn Hilfarth.pdf\" target=\"_blank\">Pr\u00e4sentation <\/a>vom Abend mit unseren Anteilen<\/p>\n<p><a href=\"http:\/\/www.rp-online.de\/nrw\/staedte\/kreis-heinsberg\/sport\/geehrt-und-ausgezeichnet-aid-1.5831049\" target=\"_blank\">Presseberichterstattung<\/a><\/p>\n","protected":false},"excerpt":{"rendered":"<p>Zur Ehrung der H\u00fcckelhovener Sportler und Ehrenamtler hatte Freitag Abend der StadtSportVerband H\u00fcckelhoven eingeladen. Begr\u00fc\u00dft durch den Vorsitzenden Hans-Josef Geiser und den stellvertretenden B\u00fcrgermeister Dieter Geitner ging es moderiert von Guido Kozak durch den kurzweiligen Abend. Diesmal war der TuS Jahn mit zwei Abteilungen bei dieser Veranstaltung eingeladen. W\u00e4hrend die Leichtathletik-Abteilung wieder einmal als st\u00e4rkste [&hellip;]<\/p>\n","protected":false},"author":6,"featured_media":6646,"comment_status":"closed","ping_status":"closed","sticky":false,"template":"","format":"standard","meta":[],"categories":[182,13,39,60],"tags":[],"wps_subtitle":"","_links":{"self":[{"href":"http:\/\/archiv.tus-jahn-hilfarth.de\/index.php\/wp-json\/wp\/v2\/posts\/6641"}],"collection":[{"href":"http:\/\/archiv.tus-jahn-hilfarth.de\/index.php\/wp-json\/wp\/v2\/posts"}],"about":[{"href":"http:\/\/archiv.tus-jahn-hilfarth.de\/index.php\/wp-json\/wp\/v2\/types\/post"}],"author":[{"embeddable":true,"href":"http:\/\/archiv.tus-jahn-hilfarth.de\/index.php\/wp-json\/wp\/v2\/users\/6"}],"replies":[{"embeddable":true,"href":"http:\/\/archiv.tus-jahn-hilfarth.de\/index.php\/wp-json\/wp\/v2\/comments?post=6641"}],"version-history":[{"count":7,"href":"http:\/\/archiv.tus-jahn-hilfarth.de\/index.php\/wp-json\/wp\/v2\/posts\/6641\/revisions"}],"predecessor-version":[{"id":6661,"href":"http:\/\/archiv.tus-jahn-hilfarth.de\/index.php\/wp-json\/wp\/v2\/posts\/6641\/revisions\/6661"}],"wp:featuredmedia":[{"embeddable":true,"href":"http:\/\/archiv.tus-jahn-hilfarth.de\/index.php\/wp-json\/wp\/v2\/media\/6646"}],"wp:attachment":[{"href":"http:\/\/archiv.tus-jahn-hilfarth.de\/index.php\/wp-json\/wp\/v2\/media?parent=6641"}],"wp:term":[{"taxonomy":"category","embeddable":true,"href":"http:\/\/archiv.tus-jahn-hilfarth.de\/index.php\/wp-json\/wp\/v2\/categories?post=6641"},{"taxonomy":"post_tag","embeddable":true,"href":"http:\/\/archiv.tus-jahn-hilfarth.de\/index.php\/wp-json\/wp\/v2\/tags?post=6641"}],"curies":[{"name":"wp","href":"https:\/\/api.w.org\/{rel}","templated":true}]}}