{"id":6720,"date":"2016-03-25T17:22:35","date_gmt":"2016-03-25T15:22:35","guid":{"rendered":"http:\/\/tus-jahn-hilfarth.de\/?p=6720"},"modified":"2016-03-25T17:32:45","modified_gmt":"2016-03-25T15:32:45","slug":"ein-dank-an-achim","status":"publish","type":"post","link":"http:\/\/archiv.tus-jahn-hilfarth.de\/index.php\/ein-dank-an-achim\/","title":{"rendered":"Ein Dank an Achim"},"content":{"rendered":"<p><a href=\"http:\/\/tus-jahn-hilfarth.de\/index.php\/ein-dank-an-achim\/baustelle-3\/\" rel=\"attachment wp-att-6724\"><img loading=\"lazy\" class=\" wp-image-6724 alignleft\" src=\"http:\/\/tus-jahn-hilfarth.de\/wp-content\/uploads\/2016\/03\/Baustelle-3-225x300.jpg\" alt=\"Baustelle (3)\" width=\"183\" height=\"244\" srcset=\"http:\/\/archiv.tus-jahn-hilfarth.de\/wp-content\/uploads\/2016\/03\/Baustelle-3-225x300.jpg 225w, http:\/\/archiv.tus-jahn-hilfarth.de\/wp-content\/uploads\/2016\/03\/Baustelle-3-768x1024.jpg 768w, http:\/\/archiv.tus-jahn-hilfarth.de\/wp-content\/uploads\/2016\/03\/Baustelle-3-96x128.jpg 96w, http:\/\/archiv.tus-jahn-hilfarth.de\/wp-content\/uploads\/2016\/03\/Baustelle-3-24x32.jpg 24w, http:\/\/archiv.tus-jahn-hilfarth.de\/wp-content\/uploads\/2016\/03\/Baustelle-3.jpg 1200w\" sizes=\"(max-width: 183px) 100vw, 183px\" \/><\/a>Der Bau unseres gemeinsamen Sportlerheims geht mit gro\u00dfen Schritten weiter. Dass das so ist, haben wir insbesondere\u00a0zwei\u00a0M\u00e4nnern zu verdanken.<\/p>\n<p>Achim Sodekamp und Olli Hermsmeier (letzterer m\u00f6chte selbstverst\u00e4ndlich nicht erw\u00e4hnt werden, aber wir k\u00f6nnen die Augen schlie\u00dflich nicht vor den Tatsachen verschlie\u00dfen)<\/p>\n<p>Ohne die beiden s\u00e4he der Bau wohl noch nicht so fortgeschritten aus, wie es heute der Fall ist.<\/p>\n<p><a href=\"http:\/\/tus-jahn-hilfarth.de\/index.php\/ein-dank-an-achim\/baustelle-2\/\" rel=\"attachment wp-att-6723\"><img loading=\"lazy\" class=\"alignright wp-image-6723\" src=\"http:\/\/tus-jahn-hilfarth.de\/wp-content\/uploads\/2016\/03\/Baustelle-2-300x225.jpg\" alt=\"Baustelle (2)\" width=\"244\" height=\"183\" srcset=\"http:\/\/archiv.tus-jahn-hilfarth.de\/wp-content\/uploads\/2016\/03\/Baustelle-2-300x225.jpg 300w, http:\/\/archiv.tus-jahn-hilfarth.de\/wp-content\/uploads\/2016\/03\/Baustelle-2-768x576.jpg 768w, http:\/\/archiv.tus-jahn-hilfarth.de\/wp-content\/uploads\/2016\/03\/Baustelle-2-1024x768.jpg 1024w, http:\/\/archiv.tus-jahn-hilfarth.de\/wp-content\/uploads\/2016\/03\/Baustelle-2-128x96.jpg 128w, http:\/\/archiv.tus-jahn-hilfarth.de\/wp-content\/uploads\/2016\/03\/Baustelle-2-32x24.jpg 32w, http:\/\/archiv.tus-jahn-hilfarth.de\/wp-content\/uploads\/2016\/03\/Baustelle-2.jpg 1600w\" sizes=\"(max-width: 244px) 100vw, 244px\" \/><\/a>Daher sagen wir im Namen aller Mitglieder des TuS Jahn einen herzlichen Dank an Achim &amp; Olli.<\/p>\n<p>Achim hat\u00a0in den letzten Wochen federf\u00fchrend dreiviertel der\u00a0D\u00e4mmung, den Trockenausbau und die Spachtelarbeiten vorgenommen hat. Immer geradlinig und zielbewusst, was in den n\u00e4chsten Schritten zu tun ist, ist er f\u00fcr alle Helfer ein guter &#8220;Vorarbeiter&#8221;.<\/p>\n<p>&#8220;Du machst das gut und wir danken Dir f\u00fcr deinen Sondereinsatz hier am Bau!&#8221;, so der besondere und auch pers\u00f6nliche Dank von Olli hier an dieser Stelle.<\/p>\n<p>Einen herzlichen Dank auch alle bisher sehr engagierten Helfer Mario,\u00a0Fredi,\u00a0Fabian,\u00a0 Lutz,\u00a0Arndt,\u00a0Patrick,\u00a0Mark,\u00a0Sebastian, Rolf, Willi-Gerd, Kalle, Silke\u00a0die bisher auch Stunden am Bau verbracht\u00a0haben. Und nat\u00fcrlich alle\u00a0helfenden H\u00e4nde, die ansonsten immer mal vor Ort waren. Ohne Euch alle bekommen wir das Sportlerheim nicht fertig.<\/p>\n<p><a href=\"http:\/\/tus-jahn-hilfarth.de\/index.php\/ein-dank-an-achim\/baustelle\/\" rel=\"attachment wp-att-6722\"><img loading=\"lazy\" class=\"size-medium wp-image-6722 alignleft\" src=\"http:\/\/tus-jahn-hilfarth.de\/wp-content\/uploads\/2016\/03\/Baustelle-225x300.jpg\" alt=\"Baustelle\" width=\"225\" height=\"300\" srcset=\"http:\/\/archiv.tus-jahn-hilfarth.de\/wp-content\/uploads\/2016\/03\/Baustelle-225x300.jpg 225w, http:\/\/archiv.tus-jahn-hilfarth.de\/wp-content\/uploads\/2016\/03\/Baustelle-768x1024.jpg 768w, http:\/\/archiv.tus-jahn-hilfarth.de\/wp-content\/uploads\/2016\/03\/Baustelle-96x128.jpg 96w, http:\/\/archiv.tus-jahn-hilfarth.de\/wp-content\/uploads\/2016\/03\/Baustelle-24x32.jpg 24w, http:\/\/archiv.tus-jahn-hilfarth.de\/wp-content\/uploads\/2016\/03\/Baustelle.jpg 1200w\" sizes=\"(max-width: 225px) 100vw, 225px\" \/><\/a>Ansonsten sei hier nochmal erw\u00e4hnt, dass das Sportlerheim nicht nur den Fu\u00dfballern offen stehen wird. Das Geb\u00e4ude wird &#8220;unser&#8221; Wohnzimmer f\u00fcr alle geselligen Zusammenk\u00fcnfte werden. Somit haben wir alle etwas davon.<\/p>\n<p>Somit erneuern wir auch hier wieder die Bitte: &#8220;Seid dabei!&#8221;<\/p>\n<p>Wir brauchen jede helfende Hand am Bau. Ob Sportler, Sportlerin, Eltern, Kinder, Geschwister, Onkel, Tanten, Freunde, jeder ist herzlich willkommen.<\/p>\n<p>Daher freuen wir uns immer wieder Euch zu treffen.<\/p>\n<p>Ihr wisst ja freitags ab 15 Uhr und samstags gibt es immer was zu tun. Dazwischen auch.<\/p>\n","protected":false},"excerpt":{"rendered":"<p>Der Bau unseres gemeinsamen Sportlerheims geht mit gro\u00dfen Schritten weiter. Dass das so ist, haben wir insbesondere\u00a0zwei\u00a0M\u00e4nnern zu verdanken. Achim Sodekamp und Olli Hermsmeier (letzterer m\u00f6chte selbstverst\u00e4ndlich nicht erw\u00e4hnt werden, aber wir k\u00f6nnen die Augen schlie\u00dflich nicht vor den Tatsachen verschlie\u00dfen) Ohne die beiden s\u00e4he der Bau wohl noch nicht so fortgeschritten aus, wie es [&hellip;]<\/p>\n","protected":false},"author":6,"featured_media":6721,"comment_status":"closed","ping_status":"closed","sticky":false,"template":"","format":"standard","meta":[],"categories":[60],"tags":[],"wps_subtitle":"","_links":{"self":[{"href":"http:\/\/archiv.tus-jahn-hilfarth.de\/index.php\/wp-json\/wp\/v2\/posts\/6720"}],"collection":[{"href":"http:\/\/archiv.tus-jahn-hilfarth.de\/index.php\/wp-json\/wp\/v2\/posts"}],"about":[{"href":"http:\/\/archiv.tus-jahn-hilfarth.de\/index.php\/wp-json\/wp\/v2\/types\/post"}],"author":[{"embeddable":true,"href":"http:\/\/archiv.tus-jahn-hilfarth.de\/index.php\/wp-json\/wp\/v2\/users\/6"}],"replies":[{"embeddable":true,"href":"http:\/\/archiv.tus-jahn-hilfarth.de\/index.php\/wp-json\/wp\/v2\/comments?post=6720"}],"version-history":[{"count":9,"href":"http:\/\/archiv.tus-jahn-hilfarth.de\/index.php\/wp-json\/wp\/v2\/posts\/6720\/revisions"}],"predecessor-version":[{"id":6733,"href":"http:\/\/archiv.tus-jahn-hilfarth.de\/index.php\/wp-json\/wp\/v2\/posts\/6720\/revisions\/6733"}],"wp:featuredmedia":[{"embeddable":true,"href":"http:\/\/archiv.tus-jahn-hilfarth.de\/index.php\/wp-json\/wp\/v2\/media\/6721"}],"wp:attachment":[{"href":"http:\/\/archiv.tus-jahn-hilfarth.de\/index.php\/wp-json\/wp\/v2\/media?parent=6720"}],"wp:term":[{"taxonomy":"category","embeddable":true,"href":"http:\/\/archiv.tus-jahn-hilfarth.de\/index.php\/wp-json\/wp\/v2\/categories?post=6720"},{"taxonomy":"post_tag","embeddable":true,"href":"http:\/\/archiv.tus-jahn-hilfarth.de\/index.php\/wp-json\/wp\/v2\/tags?post=6720"}],"curies":[{"name":"wp","href":"https:\/\/api.w.org\/{rel}","templated":true}]}}