{"id":6808,"date":"2016-04-22T16:36:46","date_gmt":"2016-04-22T14:36:46","guid":{"rendered":"http:\/\/tus-jahn-hilfarth.de\/?p=6808"},"modified":"2016-05-02T22:53:22","modified_gmt":"2016-05-02T20:53:22","slug":"claus-richter-neuer-trainer","status":"publish","type":"post","link":"http:\/\/archiv.tus-jahn-hilfarth.de\/index.php\/claus-richter-neuer-trainer\/","title":{"rendered":"Claus Richter neuer Trainer"},"content":{"rendered":"<p>Claus Richter ist neuer Trainer der 1. Mannschaft. Das konnte\u00a0TuS-Vorsitzender Olli Hermsmeier\u00a0am Freitag Nachmittag verk\u00fcnden. Gemeinsam mit\u00a0Fu\u00dfball-Abteilungsleiter J\u00f6rg Markmann begr\u00fc\u00dfte er die Neuverpflichtung auf dem Hilfarther Sportplatz.<\/p>\n<p>Der 54-J\u00e4hrige kann auf eine Spielerkarriere in der Oberliga und Trainert\u00e4tigkeiten in der Landesliga zur\u00fcckblicken, bis 2013 war er Coach beim\u00a0TuS Dremmen. Nach nun dreij\u00e4hriger Pause entschied sich Richter zur R\u00fcckkehr an die Seitenlinie.<\/p>\n<p>Bis zum Saisonende wird das Tagesgesch\u00e4ft weiterhin durch die langj\u00e4hrigen Trainer Maik Honold und Frank Bauer gef\u00fchrt, w\u00e4hrend Richter Mannschaft und Spielweise kennenlernen wird. Zur neuen Spielzeit\u00a0wird\u00a0er die Traineraufgaben\u00a0dann vollst\u00e4ndig \u00fcbernehmen.<\/p>\n<p>Hermsmeier und Markmann freuten sich beim ersten gemeinsamen\u00a0Termin sichtlich auf\u00a0die bevorstehende Zusammenarbeit und hie\u00dfen Claus Richter in Hilfarth herzlich willkommen.<\/p>\n","protected":false},"excerpt":{"rendered":"<p>Claus Richter ist neuer Trainer der 1. Mannschaft. Das konnte\u00a0TuS-Vorsitzender Olli Hermsmeier\u00a0am Freitag Nachmittag verk\u00fcnden. Gemeinsam mit\u00a0Fu\u00dfball-Abteilungsleiter J\u00f6rg Markmann begr\u00fc\u00dfte er die Neuverpflichtung auf dem Hilfarther Sportplatz. Der 54-J\u00e4hrige kann auf eine Spielerkarriere in der Oberliga und Trainert\u00e4tigkeiten in der Landesliga zur\u00fcckblicken, bis 2013 war er Coach beim\u00a0TuS Dremmen. Nach nun dreij\u00e4hriger Pause entschied sich [&hellip;]<\/p>\n","protected":false},"author":1,"featured_media":7086,"comment_status":"closed","ping_status":"closed","sticky":false,"template":"","format":"standard","meta":[],"categories":[9,29,60,250],"tags":[],"wps_subtitle":"1. Mannschaft","_links":{"self":[{"href":"http:\/\/archiv.tus-jahn-hilfarth.de\/index.php\/wp-json\/wp\/v2\/posts\/6808"}],"collection":[{"href":"http:\/\/archiv.tus-jahn-hilfarth.de\/index.php\/wp-json\/wp\/v2\/posts"}],"about":[{"href":"http:\/\/archiv.tus-jahn-hilfarth.de\/index.php\/wp-json\/wp\/v2\/types\/post"}],"author":[{"embeddable":true,"href":"http:\/\/archiv.tus-jahn-hilfarth.de\/index.php\/wp-json\/wp\/v2\/users\/1"}],"replies":[{"embeddable":true,"href":"http:\/\/archiv.tus-jahn-hilfarth.de\/index.php\/wp-json\/wp\/v2\/comments?post=6808"}],"version-history":[{"count":3,"href":"http:\/\/archiv.tus-jahn-hilfarth.de\/index.php\/wp-json\/wp\/v2\/posts\/6808\/revisions"}],"predecessor-version":[{"id":6812,"href":"http:\/\/archiv.tus-jahn-hilfarth.de\/index.php\/wp-json\/wp\/v2\/posts\/6808\/revisions\/6812"}],"wp:featuredmedia":[{"embeddable":true,"href":"http:\/\/archiv.tus-jahn-hilfarth.de\/index.php\/wp-json\/wp\/v2\/media\/7086"}],"wp:attachment":[{"href":"http:\/\/archiv.tus-jahn-hilfarth.de\/index.php\/wp-json\/wp\/v2\/media?parent=6808"}],"wp:term":[{"taxonomy":"category","embeddable":true,"href":"http:\/\/archiv.tus-jahn-hilfarth.de\/index.php\/wp-json\/wp\/v2\/categories?post=6808"},{"taxonomy":"post_tag","embeddable":true,"href":"http:\/\/archiv.tus-jahn-hilfarth.de\/index.php\/wp-json\/wp\/v2\/tags?post=6808"}],"curies":[{"name":"wp","href":"https:\/\/api.w.org\/{rel}","templated":true}]}}