{"id":7877,"date":"2016-06-15T23:32:22","date_gmt":"2016-06-15T21:32:22","guid":{"rendered":"http:\/\/tus-jahn-hilfarth.de\/?p=7877"},"modified":"2016-06-15T23:32:22","modified_gmt":"2016-06-15T21:32:22","slug":"kevin-lueck-als-2-geschaeftsfuehrer-verabschiedet","status":"publish","type":"post","link":"http:\/\/archiv.tus-jahn-hilfarth.de\/index.php\/kevin-lueck-als-2-geschaeftsfuehrer-verabschiedet\/","title":{"rendered":"Kevin L\u00fcck als 2. Gesch\u00e4ftsf\u00fchrer verabschiedet"},"content":{"rendered":"<p>Auf dem Sommerfest verabschiedete Dirk Hermsmeier unseren 2. Gesch\u00e4ftsf\u00fchrer Kevin L\u00fcck aus dem Vorstand.<\/p>\n<p>Kevin bat vor ein paar Wochen um Entlassung, da berufliche Ver\u00e4nderungen und famili\u00e4re Verantwortung eine Arbeit im Vorstand nicht mehr erm\u00f6glichten.<\/p>\n<p>Er schloss nun seine Aktivit\u00e4ten rund um die von ihm verantwortete Mitgliederverwaltung ab und fand so ein sauberes Ende seiner Vorstandst\u00e4tigkeit. Olli bedankte sich im Namen des Vorstandes und der Mitglieder f\u00fcr seinen Einsatz.<\/p>\n<p>Dir alles Gute und wieder ein bisschen mehr Ruhe. Als Sportler bleibst Du uns ja gl\u00fccklicher Weise erhalten.<\/p>\n","protected":false},"excerpt":{"rendered":"<p>Auf dem Sommerfest verabschiedete Dirk Hermsmeier unseren 2. Gesch\u00e4ftsf\u00fchrer Kevin L\u00fcck aus dem Vorstand. Kevin bat vor ein paar Wochen um Entlassung, da berufliche Ver\u00e4nderungen und famili\u00e4re Verantwortung eine Arbeit im Vorstand nicht mehr erm\u00f6glichten. Er schloss nun seine Aktivit\u00e4ten rund um die von ihm verantwortete Mitgliederverwaltung ab und fand so ein sauberes Ende seiner [&hellip;]<\/p>\n","protected":false},"author":6,"featured_media":7878,"comment_status":"closed","ping_status":"closed","sticky":false,"template":"","format":"standard","meta":[],"categories":[60,1],"tags":[],"wps_subtitle":"","_links":{"self":[{"href":"http:\/\/archiv.tus-jahn-hilfarth.de\/index.php\/wp-json\/wp\/v2\/posts\/7877"}],"collection":[{"href":"http:\/\/archiv.tus-jahn-hilfarth.de\/index.php\/wp-json\/wp\/v2\/posts"}],"about":[{"href":"http:\/\/archiv.tus-jahn-hilfarth.de\/index.php\/wp-json\/wp\/v2\/types\/post"}],"author":[{"embeddable":true,"href":"http:\/\/archiv.tus-jahn-hilfarth.de\/index.php\/wp-json\/wp\/v2\/users\/6"}],"replies":[{"embeddable":true,"href":"http:\/\/archiv.tus-jahn-hilfarth.de\/index.php\/wp-json\/wp\/v2\/comments?post=7877"}],"version-history":[{"count":1,"href":"http:\/\/archiv.tus-jahn-hilfarth.de\/index.php\/wp-json\/wp\/v2\/posts\/7877\/revisions"}],"predecessor-version":[{"id":7879,"href":"http:\/\/archiv.tus-jahn-hilfarth.de\/index.php\/wp-json\/wp\/v2\/posts\/7877\/revisions\/7879"}],"wp:featuredmedia":[{"embeddable":true,"href":"http:\/\/archiv.tus-jahn-hilfarth.de\/index.php\/wp-json\/wp\/v2\/media\/7878"}],"wp:attachment":[{"href":"http:\/\/archiv.tus-jahn-hilfarth.de\/index.php\/wp-json\/wp\/v2\/media?parent=7877"}],"wp:term":[{"taxonomy":"category","embeddable":true,"href":"http:\/\/archiv.tus-jahn-hilfarth.de\/index.php\/wp-json\/wp\/v2\/categories?post=7877"},{"taxonomy":"post_tag","embeddable":true,"href":"http:\/\/archiv.tus-jahn-hilfarth.de\/index.php\/wp-json\/wp\/v2\/tags?post=7877"}],"curies":[{"name":"wp","href":"https:\/\/api.w.org\/{rel}","templated":true}]}}