{"id":7922,"date":"2016-06-20T22:45:09","date_gmt":"2016-06-20T20:45:09","guid":{"rendered":"http:\/\/tus-jahn-hilfarth.de\/?p=7922"},"modified":"2016-06-20T22:47:27","modified_gmt":"2016-06-20T20:47:27","slug":"manni-wolf-gold-jubilar","status":"publish","type":"post","link":"http:\/\/archiv.tus-jahn-hilfarth.de\/index.php\/manni-wolf-gold-jubilar\/","title":{"rendered":"Manni Wolf Gold-Jubilar"},"content":{"rendered":"<p>F\u00fcr 50 Jahre Mitgliedschaft wurde Manni Wolf bei unserem diesj\u00e4hrigen Sommerfest geehrt. Als langj\u00e4hriges Mitglied der &#8220;Alten Herren&#8221; ist Manni aus dem Vereinsleben nicht wegzudenken. Zuverl\u00e4ssig steht er bei den Festen helfend zu Hand. In seiner langen Laufbahn im TuS Jahn hat er regelm\u00e4\u00dfig die Kugel und zwar nicht ruhig geschoben. Er war immer aktiv, wenn auch heute nicht mehr zwingend bei jedem Spiel aktiv. Er wird aber immer wieder auf dem Platz als Zuschauer und treuer Fan gesehen.<\/p>\n<p>Lieber Manni, wir danken Dir f\u00fcr deine Treue und hoffen, dass der Glaspokal ein geb\u00fchrendes Pl\u00e4tzchen in deinem Schrank findet.<\/p>\n","protected":false},"excerpt":{"rendered":"<p>F\u00fcr 50 Jahre Mitgliedschaft wurde Manni Wolf bei unserem diesj\u00e4hrigen Sommerfest geehrt. Als langj\u00e4hriges Mitglied der &#8220;Alten Herren&#8221; ist Manni aus dem Vereinsleben nicht wegzudenken. Zuverl\u00e4ssig steht er bei den Festen helfend zu Hand. In seiner langen Laufbahn im TuS Jahn hat er regelm\u00e4\u00dfig die Kugel und zwar nicht ruhig geschoben. Er war immer aktiv, [&hellip;]<\/p>\n","protected":false},"author":6,"featured_media":7923,"comment_status":"closed","ping_status":"closed","sticky":false,"template":"","format":"standard","meta":[],"categories":[43,29,60,1],"tags":[],"wps_subtitle":"","_links":{"self":[{"href":"http:\/\/archiv.tus-jahn-hilfarth.de\/index.php\/wp-json\/wp\/v2\/posts\/7922"}],"collection":[{"href":"http:\/\/archiv.tus-jahn-hilfarth.de\/index.php\/wp-json\/wp\/v2\/posts"}],"about":[{"href":"http:\/\/archiv.tus-jahn-hilfarth.de\/index.php\/wp-json\/wp\/v2\/types\/post"}],"author":[{"embeddable":true,"href":"http:\/\/archiv.tus-jahn-hilfarth.de\/index.php\/wp-json\/wp\/v2\/users\/6"}],"replies":[{"embeddable":true,"href":"http:\/\/archiv.tus-jahn-hilfarth.de\/index.php\/wp-json\/wp\/v2\/comments?post=7922"}],"version-history":[{"count":1,"href":"http:\/\/archiv.tus-jahn-hilfarth.de\/index.php\/wp-json\/wp\/v2\/posts\/7922\/revisions"}],"predecessor-version":[{"id":7926,"href":"http:\/\/archiv.tus-jahn-hilfarth.de\/index.php\/wp-json\/wp\/v2\/posts\/7922\/revisions\/7926"}],"wp:featuredmedia":[{"embeddable":true,"href":"http:\/\/archiv.tus-jahn-hilfarth.de\/index.php\/wp-json\/wp\/v2\/media\/7923"}],"wp:attachment":[{"href":"http:\/\/archiv.tus-jahn-hilfarth.de\/index.php\/wp-json\/wp\/v2\/media?parent=7922"}],"wp:term":[{"taxonomy":"category","embeddable":true,"href":"http:\/\/archiv.tus-jahn-hilfarth.de\/index.php\/wp-json\/wp\/v2\/categories?post=7922"},{"taxonomy":"post_tag","embeddable":true,"href":"http:\/\/archiv.tus-jahn-hilfarth.de\/index.php\/wp-json\/wp\/v2\/tags?post=7922"}],"curies":[{"name":"wp","href":"https:\/\/api.w.org\/{rel}","templated":true}]}}