{"id":7940,"date":"2016-06-26T22:01:05","date_gmt":"2016-06-26T20:01:05","guid":{"rendered":"http:\/\/tus-jahn-hilfarth.de\/?p=7940"},"modified":"2016-06-26T22:01:05","modified_gmt":"2016-06-26T20:01:05","slug":"vorrunde-jochen-appenrodt-pokal","status":"publish","type":"post","link":"http:\/\/archiv.tus-jahn-hilfarth.de\/index.php\/vorrunde-jochen-appenrodt-pokal\/","title":{"rendered":"Vorrunde Jochen-Appenrodt-Pokal"},"content":{"rendered":"<p>Bei angenehmen Temperaturen fand am\u00a0 Freitag der Vorrunden Wettkampf des Jochen-Appenrodt-Pokal in Erkelenz statt. Unsere noch recht junge Mannschaft trat gegen die Mannschaften des TV 1860 Erkelenz und Rot-Wei\u00df Schlafhorst an.<\/p>\n<p>Leider stand dieser Wettkampf f\u00fcr uns unter keinem guten Stern, schon im Vorfeld war unsere Mannschaft etwas geschw\u00e4cht, da nicht alle Kids voll einsatzf\u00e4hig waren.<\/p>\n<p>Insgesamt standen 5 Disziplinen auf dem Programm. Bei der Hindernis-Flachsprint-Pendelstaffel gab es schon mal eine Premiere, statt Bananenkartons standen richtige kleine H\u00fcrden auf der Bahn.<\/p>\n<p>Die Kids waren begeistert, endlich mal \u00fcber richtige H\u00fcrden laufen. In der Praxis war es dann doch\u00a0 nicht so einfach, und wir mussten uns leider geschlagen geben. Aber halb so schlimm, auch das kriegen wir noch hin.<\/p>\n<p>Erkelenz stand mit ihrer erfahrenen\u00a0 Mannschaft schon als Sieger fest.<\/p>\n<p>Aber im Schlagwurf, Hochweitsprung, Stabweitsprung und Stadioncross lieferten wir uns einen regen Schlagabtausch mit Rot-Wei\u00df Schlafhorst, mal waren wir zweite, mal die anderen.<\/p>\n<p>Beim Werfen erreichten die Jungs viele Punkte f\u00fcr unsere Mannschaft, in den zwei Sprungdisziplinen zeigten mal wieder\u00a0 alle was in ihnen steckt. Die M\u00e4dels flogen weit in die Grube und die Jungs spornten sich gegenseitig zur H\u00f6chstform an.<\/p>\n<p>Beim Stadioncross bewiesen alle wie viel Ausdauer sie haben. Sogar mit offenem Schuh\u00a0 l\u00e4uft man tapfer bis zum Ende. Hut ab! Trotz Top Leistungen und viel Kampfgeist reichte es dann am Ende doch leider nur f\u00fcr Rang 3.<\/p>\n<p>Jule, Dilara, Selay, Amon, Alina, Ben, Pia, Janne, Frederik und Torben haben sich als tolle Mannschaft pr\u00e4sentiert und vor allem bewiesen, dass man gemeinsam\u00a0 gewinnen kann, aber ebenso als Team einen tollen dritten Platz zu feiern.<\/p>\n<p>N\u00e4chstes Jahr werden die Karten neu gemischt, dann sind wir nicht mehr die J\u00fcngsten und greifen wieder nach dem Pokal!!!<\/p>\n","protected":false},"excerpt":{"rendered":"<p>Bei angenehmen Temperaturen fand am\u00a0 Freitag der Vorrunden Wettkampf des Jochen-Appenrodt-Pokal in Erkelenz statt. Unsere noch recht junge Mannschaft trat gegen die Mannschaften des TV 1860 Erkelenz und Rot-Wei\u00df Schlafhorst an. Leider stand dieser Wettkampf f\u00fcr uns unter keinem guten Stern, schon im Vorfeld war unsere Mannschaft etwas geschw\u00e4cht, da nicht alle Kids voll einsatzf\u00e4hig [&hellip;]<\/p>\n","protected":false},"author":6,"featured_media":7942,"comment_status":"closed","ping_status":"closed","sticky":false,"template":"","format":"standard","meta":[],"categories":[39,60],"tags":[252,235,232,238,128,231,243,234,233],"wps_subtitle":"","_links":{"self":[{"href":"http:\/\/archiv.tus-jahn-hilfarth.de\/index.php\/wp-json\/wp\/v2\/posts\/7940"}],"collection":[{"href":"http:\/\/archiv.tus-jahn-hilfarth.de\/index.php\/wp-json\/wp\/v2\/posts"}],"about":[{"href":"http:\/\/archiv.tus-jahn-hilfarth.de\/index.php\/wp-json\/wp\/v2\/types\/post"}],"author":[{"embeddable":true,"href":"http:\/\/archiv.tus-jahn-hilfarth.de\/index.php\/wp-json\/wp\/v2\/users\/6"}],"replies":[{"embeddable":true,"href":"http:\/\/archiv.tus-jahn-hilfarth.de\/index.php\/wp-json\/wp\/v2\/comments?post=7940"}],"version-history":[{"count":2,"href":"http:\/\/archiv.tus-jahn-hilfarth.de\/index.php\/wp-json\/wp\/v2\/posts\/7940\/revisions"}],"predecessor-version":[{"id":7943,"href":"http:\/\/archiv.tus-jahn-hilfarth.de\/index.php\/wp-json\/wp\/v2\/posts\/7940\/revisions\/7943"}],"wp:featuredmedia":[{"embeddable":true,"href":"http:\/\/archiv.tus-jahn-hilfarth.de\/index.php\/wp-json\/wp\/v2\/media\/7942"}],"wp:attachment":[{"href":"http:\/\/archiv.tus-jahn-hilfarth.de\/index.php\/wp-json\/wp\/v2\/media?parent=7940"}],"wp:term":[{"taxonomy":"category","embeddable":true,"href":"http:\/\/archiv.tus-jahn-hilfarth.de\/index.php\/wp-json\/wp\/v2\/categories?post=7940"},{"taxonomy":"post_tag","embeddable":true,"href":"http:\/\/archiv.tus-jahn-hilfarth.de\/index.php\/wp-json\/wp\/v2\/tags?post=7940"}],"curies":[{"name":"wp","href":"https:\/\/api.w.org\/{rel}","templated":true}]}}