{"id":8061,"date":"2016-08-03T23:53:35","date_gmt":"2016-08-03T21:53:35","guid":{"rendered":"http:\/\/tus-jahn-hilfarth.de\/?p=8061"},"modified":"2016-08-03T23:55:37","modified_gmt":"2016-08-03T21:55:37","slug":"auf-dem-rasen-stehen-hilfarther-jungs","status":"publish","type":"post","link":"http:\/\/archiv.tus-jahn-hilfarth.de\/index.php\/auf-dem-rasen-stehen-hilfarther-jungs\/","title":{"rendered":"&#8220;Auf dem Rasen stehen Hilfarther Jungs&#8221;"},"content":{"rendered":"<p>Im Rahmen der\u00a0Schnellcheck-Serie hat <a href=\"http:\/\/www.fupa.net\/vereine\/tus-jahn-hilfarth.html\">FuPa.net<\/a>\u00a0ein Interview mit Olli Hermsmeier gef\u00fchrt. Der TuS-Chef zeigt sich im Gespr\u00e4ch stolz, dass man zum ersten Mal \u00fcberhaupt Mannschaften in allen drei Kreisligen stellen k\u00f6nne. Die Bilanz, dass au\u00dfer R\u00fcckkehrer Maik Memenga kein\u00a0Neuzugang zu verzeichnen sei, sieht Hermsmeier nicht komplett kritisch. Die 1. Mannschaft habe aus der Reserve Zuwachs bekommen,\u00a0deren Spieler zum gr\u00f6\u00dften Teil alle Jugendmannschaften in Hilfarth durchlaufen haben. Auf den Punkt gebracht: &#8220;So soll es in einem Dorfverein ja sein \u2013 auf dem Rasen stehen Hilfarther Jungs!&#8221;<\/p>\n<p>Das komplette Interview kann bei <a href=\"http:\/\/www.fupa.net\/berichte\/im-fupa-schnellcheck-tus-jahn-hilfarth-489013.html\">FuPa.net (Link zum Artikel)<\/a>\u00a0nachgelesen werden.<\/p>\n","protected":false},"excerpt":{"rendered":"<p>Im Rahmen der\u00a0Schnellcheck-Serie hat FuPa.net\u00a0ein Interview mit Olli Hermsmeier gef\u00fchrt. Der TuS-Chef zeigt sich im Gespr\u00e4ch stolz, dass man zum ersten Mal \u00fcberhaupt Mannschaften in allen drei Kreisligen stellen k\u00f6nne. Die Bilanz, dass au\u00dfer R\u00fcckkehrer Maik Memenga kein\u00a0Neuzugang zu verzeichnen sei, sieht Hermsmeier nicht komplett kritisch. Die 1. Mannschaft habe aus der Reserve Zuwachs bekommen,\u00a0deren [&hellip;]<\/p>\n","protected":false},"author":1,"featured_media":5419,"comment_status":"closed","ping_status":"closed","sticky":false,"template":"","format":"standard","meta":[],"categories":[9,41,98,29,60],"tags":[],"wps_subtitle":"Hermsmeier im FuPa-Interview","_links":{"self":[{"href":"http:\/\/archiv.tus-jahn-hilfarth.de\/index.php\/wp-json\/wp\/v2\/posts\/8061"}],"collection":[{"href":"http:\/\/archiv.tus-jahn-hilfarth.de\/index.php\/wp-json\/wp\/v2\/posts"}],"about":[{"href":"http:\/\/archiv.tus-jahn-hilfarth.de\/index.php\/wp-json\/wp\/v2\/types\/post"}],"author":[{"embeddable":true,"href":"http:\/\/archiv.tus-jahn-hilfarth.de\/index.php\/wp-json\/wp\/v2\/users\/1"}],"replies":[{"embeddable":true,"href":"http:\/\/archiv.tus-jahn-hilfarth.de\/index.php\/wp-json\/wp\/v2\/comments?post=8061"}],"version-history":[{"count":4,"href":"http:\/\/archiv.tus-jahn-hilfarth.de\/index.php\/wp-json\/wp\/v2\/posts\/8061\/revisions"}],"predecessor-version":[{"id":8065,"href":"http:\/\/archiv.tus-jahn-hilfarth.de\/index.php\/wp-json\/wp\/v2\/posts\/8061\/revisions\/8065"}],"wp:featuredmedia":[{"embeddable":true,"href":"http:\/\/archiv.tus-jahn-hilfarth.de\/index.php\/wp-json\/wp\/v2\/media\/5419"}],"wp:attachment":[{"href":"http:\/\/archiv.tus-jahn-hilfarth.de\/index.php\/wp-json\/wp\/v2\/media?parent=8061"}],"wp:term":[{"taxonomy":"category","embeddable":true,"href":"http:\/\/archiv.tus-jahn-hilfarth.de\/index.php\/wp-json\/wp\/v2\/categories?post=8061"},{"taxonomy":"post_tag","embeddable":true,"href":"http:\/\/archiv.tus-jahn-hilfarth.de\/index.php\/wp-json\/wp\/v2\/tags?post=8061"}],"curies":[{"name":"wp","href":"https:\/\/api.w.org\/{rel}","templated":true}]}}