{"id":8079,"date":"2016-08-23T19:28:30","date_gmt":"2016-08-23T17:28:30","guid":{"rendered":"http:\/\/tus-jahn-hilfarth.de\/?p=8079"},"modified":"2016-08-23T19:33:48","modified_gmt":"2016-08-23T17:33:48","slug":"holten-unterstuetzt-bambini","status":"publish","type":"post","link":"http:\/\/archiv.tus-jahn-hilfarth.de\/index.php\/holten-unterstuetzt-bambini\/","title":{"rendered":"Holten unterst\u00fctzt Bambini"},"content":{"rendered":"<p>Der im M\u00e4rz zum &#8220;<a href=\"http:\/\/www.aachener-zeitung.de\/lokales\/heinsberg\/arndt-holten-zum-hueckelhovener-des-jahres-gewaehlt-1.1326324\" target=\"_blank\">H\u00fcckelhovener des Jahres<\/a>&#8221; gew\u00e4hlte Arndt Holten hat dem TuS Jahn am gestrigen Montag Spielb\u00e4lle f\u00fcr die Hilfarther Bambini-Mannschaften \u00fcbergeben. Er k\u00fcndigte an, in den n\u00e4chsten Wochen auch weitere H\u00fcckelhovener Vereine mit B\u00e4llen f\u00fcr Bambini-Teams zu unterst\u00fctzen.<\/p>\n<p>Der TuS-Vorsitzende Olli Hermsmeier bedankte sich bei seinem Vorstandskollegen Arndt Holten:<\/p>\n<blockquote><p>&#8220;Die Unterst\u00fctzung der jungen Fu\u00dfballer ist nur\u00a0eine Aktion von vielen, die zeigt, warum Arndt diesen Titel verdient hat.&#8221;<\/p><\/blockquote>\n","protected":false},"excerpt":{"rendered":"<p>Der im M\u00e4rz zum &#8220;H\u00fcckelhovener des Jahres&#8221; gew\u00e4hlte Arndt Holten hat dem TuS Jahn am gestrigen Montag Spielb\u00e4lle f\u00fcr die Hilfarther Bambini-Mannschaften \u00fcbergeben. Er k\u00fcndigte an, in den n\u00e4chsten Wochen auch weitere H\u00fcckelhovener Vereine mit B\u00e4llen f\u00fcr Bambini-Teams zu unterst\u00fctzen. Der TuS-Vorsitzende Olli Hermsmeier bedankte sich bei seinem Vorstandskollegen Arndt Holten: &#8220;Die Unterst\u00fctzung der jungen [&hellip;]<\/p>\n","protected":false},"author":1,"featured_media":8080,"comment_status":"closed","ping_status":"closed","sticky":false,"template":"","format":"standard","meta":[],"categories":[60,1],"tags":[],"wps_subtitle":"\"H\u00fcckelhovener des Jahres\"","_links":{"self":[{"href":"http:\/\/archiv.tus-jahn-hilfarth.de\/index.php\/wp-json\/wp\/v2\/posts\/8079"}],"collection":[{"href":"http:\/\/archiv.tus-jahn-hilfarth.de\/index.php\/wp-json\/wp\/v2\/posts"}],"about":[{"href":"http:\/\/archiv.tus-jahn-hilfarth.de\/index.php\/wp-json\/wp\/v2\/types\/post"}],"author":[{"embeddable":true,"href":"http:\/\/archiv.tus-jahn-hilfarth.de\/index.php\/wp-json\/wp\/v2\/users\/1"}],"replies":[{"embeddable":true,"href":"http:\/\/archiv.tus-jahn-hilfarth.de\/index.php\/wp-json\/wp\/v2\/comments?post=8079"}],"version-history":[{"count":2,"href":"http:\/\/archiv.tus-jahn-hilfarth.de\/index.php\/wp-json\/wp\/v2\/posts\/8079\/revisions"}],"predecessor-version":[{"id":8082,"href":"http:\/\/archiv.tus-jahn-hilfarth.de\/index.php\/wp-json\/wp\/v2\/posts\/8079\/revisions\/8082"}],"wp:featuredmedia":[{"embeddable":true,"href":"http:\/\/archiv.tus-jahn-hilfarth.de\/index.php\/wp-json\/wp\/v2\/media\/8080"}],"wp:attachment":[{"href":"http:\/\/archiv.tus-jahn-hilfarth.de\/index.php\/wp-json\/wp\/v2\/media?parent=8079"}],"wp:term":[{"taxonomy":"category","embeddable":true,"href":"http:\/\/archiv.tus-jahn-hilfarth.de\/index.php\/wp-json\/wp\/v2\/categories?post=8079"},{"taxonomy":"post_tag","embeddable":true,"href":"http:\/\/archiv.tus-jahn-hilfarth.de\/index.php\/wp-json\/wp\/v2\/tags?post=8079"}],"curies":[{"name":"wp","href":"https:\/\/api.w.org\/{rel}","templated":true}]}}