{"id":8083,"date":"2016-08-23T20:00:53","date_gmt":"2016-08-23T18:00:53","guid":{"rendered":"http:\/\/tus-jahn-hilfarth.de\/?p=8083"},"modified":"2016-08-23T20:02:03","modified_gmt":"2016-08-23T18:02:03","slug":"neue-trainer-ausgestattet","status":"publish","type":"post","link":"http:\/\/archiv.tus-jahn-hilfarth.de\/index.php\/neue-trainer-ausgestattet\/","title":{"rendered":"Neue Trainer ausgestattet"},"content":{"rendered":"<p>Bereits vor einigen Wochen hatte <a href=\"http:\/\/www.juergen.meuser.ergo.de\/de\/Startpage\/Startseite(AGT)\" target=\"_blank\">ERGO-Versicherungsfachmann J\u00fcrgen Meuser<\/a>\u00a0TuS-Shirts an den neuen Trainer Claus Richter \u00fcbergeben.\u00a0Nun hat\u00a0auch der neue Torwarttrainer und Betreuer der 1. Mannschaft Paul Bellgardt seinen\u00a0blau-wei\u00dfem Dress durch J\u00fcrgen Meuser erhalten. TuS-Chef Olli Hermsmeier bedankte sich bei J\u00fcrgen Meuser f\u00fcr die wiederholte Unterst\u00fctzung.<\/p>\n<p><img loading=\"lazy\" class=\"alignleft size-medium wp-image-8085\" src=\"http:\/\/tus-jahn-hilfarth.de\/wp-content\/uploads\/2016\/08\/WhatsApp-Image-2016-08-23-at-19.44.23-300x214.jpeg\" alt=\"Paul Bellgardt mit Olli Hermsmeier und J\u00fcrgen Meuser\" width=\"300\" height=\"214\" srcset=\"http:\/\/archiv.tus-jahn-hilfarth.de\/wp-content\/uploads\/2016\/08\/WhatsApp-Image-2016-08-23-at-19.44.23-300x214.jpeg 300w, http:\/\/archiv.tus-jahn-hilfarth.de\/wp-content\/uploads\/2016\/08\/WhatsApp-Image-2016-08-23-at-19.44.23-768x548.jpeg 768w, http:\/\/archiv.tus-jahn-hilfarth.de\/wp-content\/uploads\/2016\/08\/WhatsApp-Image-2016-08-23-at-19.44.23.jpeg 1024w, http:\/\/archiv.tus-jahn-hilfarth.de\/wp-content\/uploads\/2016\/08\/WhatsApp-Image-2016-08-23-at-19.44.23-140x100.jpeg 140w\" sizes=\"(max-width: 300px) 100vw, 300px\" \/><\/p>\n","protected":false},"excerpt":{"rendered":"<p>Bereits vor einigen Wochen hatte ERGO-Versicherungsfachmann J\u00fcrgen Meuser\u00a0TuS-Shirts an den neuen Trainer Claus Richter \u00fcbergeben.\u00a0Nun hat\u00a0auch der neue Torwarttrainer und Betreuer der 1. Mannschaft Paul Bellgardt seinen\u00a0blau-wei\u00dfem Dress durch J\u00fcrgen Meuser erhalten. TuS-Chef Olli Hermsmeier bedankte sich bei J\u00fcrgen Meuser f\u00fcr die wiederholte Unterst\u00fctzung.<\/p>\n","protected":false},"author":1,"featured_media":8084,"comment_status":"closed","ping_status":"closed","sticky":false,"template":"","format":"standard","meta":[],"categories":[9,60,1],"tags":[],"wps_subtitle":"ERGO-Sponsoring","_links":{"self":[{"href":"http:\/\/archiv.tus-jahn-hilfarth.de\/index.php\/wp-json\/wp\/v2\/posts\/8083"}],"collection":[{"href":"http:\/\/archiv.tus-jahn-hilfarth.de\/index.php\/wp-json\/wp\/v2\/posts"}],"about":[{"href":"http:\/\/archiv.tus-jahn-hilfarth.de\/index.php\/wp-json\/wp\/v2\/types\/post"}],"author":[{"embeddable":true,"href":"http:\/\/archiv.tus-jahn-hilfarth.de\/index.php\/wp-json\/wp\/v2\/users\/1"}],"replies":[{"embeddable":true,"href":"http:\/\/archiv.tus-jahn-hilfarth.de\/index.php\/wp-json\/wp\/v2\/comments?post=8083"}],"version-history":[{"count":2,"href":"http:\/\/archiv.tus-jahn-hilfarth.de\/index.php\/wp-json\/wp\/v2\/posts\/8083\/revisions"}],"predecessor-version":[{"id":8087,"href":"http:\/\/archiv.tus-jahn-hilfarth.de\/index.php\/wp-json\/wp\/v2\/posts\/8083\/revisions\/8087"}],"wp:featuredmedia":[{"embeddable":true,"href":"http:\/\/archiv.tus-jahn-hilfarth.de\/index.php\/wp-json\/wp\/v2\/media\/8084"}],"wp:attachment":[{"href":"http:\/\/archiv.tus-jahn-hilfarth.de\/index.php\/wp-json\/wp\/v2\/media?parent=8083"}],"wp:term":[{"taxonomy":"category","embeddable":true,"href":"http:\/\/archiv.tus-jahn-hilfarth.de\/index.php\/wp-json\/wp\/v2\/categories?post=8083"},{"taxonomy":"post_tag","embeddable":true,"href":"http:\/\/archiv.tus-jahn-hilfarth.de\/index.php\/wp-json\/wp\/v2\/tags?post=8083"}],"curies":[{"name":"wp","href":"https:\/\/api.w.org\/{rel}","templated":true}]}}