{"id":8088,"date":"2016-08-24T14:00:56","date_gmt":"2016-08-24T12:00:56","guid":{"rendered":"http:\/\/tus-jahn-hilfarth.de\/?p=8088"},"modified":"2016-08-24T14:01:17","modified_gmt":"2016-08-24T12:01:17","slug":"patrick-indorf-ist-vater-geworden","status":"publish","type":"post","link":"http:\/\/archiv.tus-jahn-hilfarth.de\/index.php\/patrick-indorf-ist-vater-geworden\/","title":{"rendered":"Patrick Indorf ist Vater geworden"},"content":{"rendered":"<p>TuS-Vorstandsmitglied Patrick Indorf und seine Frau Maike sind\u00a0Eltern geworden. Ihr Sohn Matheo\u00a0kam heute in den\u00a0fr\u00fchen Morgenstunden mit einem Gewicht von 3.320 Gramm und einer Gr\u00f6\u00dfe von 51 Zentimetern zur Welt.<\/p>\n<p>Dazu Olli Hermsmeier, Vorsitzender des TuS Jahn Hilfarth:<\/p>\n<blockquote><p>&#8220;Auch im Namen meiner \u00fcbrigen Vorstandskollegen gratuliere ich Maike und Patrick zur Geburt ihres Kindes. Wir freuen uns \u00fcber den Nachwuchs f\u00fcr\u00a0unseren Verein und w\u00fcnschen Maike, Patrick und Matheo alles erdenklich Gute!&#8221;<\/p><\/blockquote>\n","protected":false},"excerpt":{"rendered":"<p>TuS-Vorstandsmitglied Patrick Indorf und seine Frau Maike sind\u00a0Eltern geworden. Ihr Sohn Matheo\u00a0kam heute in den\u00a0fr\u00fchen Morgenstunden mit einem Gewicht von 3.320 Gramm und einer Gr\u00f6\u00dfe von 51 Zentimetern zur Welt. Dazu Olli Hermsmeier, Vorsitzender des TuS Jahn Hilfarth: &#8220;Auch im Namen meiner \u00fcbrigen Vorstandskollegen gratuliere ich Maike und Patrick zur Geburt ihres Kindes. Wir freuen [&hellip;]<\/p>\n","protected":false},"author":1,"featured_media":8089,"comment_status":"closed","ping_status":"closed","sticky":false,"template":"","format":"standard","meta":[],"categories":[60,58],"tags":[],"wps_subtitle":"Babygl\u00fcck!","_links":{"self":[{"href":"http:\/\/archiv.tus-jahn-hilfarth.de\/index.php\/wp-json\/wp\/v2\/posts\/8088"}],"collection":[{"href":"http:\/\/archiv.tus-jahn-hilfarth.de\/index.php\/wp-json\/wp\/v2\/posts"}],"about":[{"href":"http:\/\/archiv.tus-jahn-hilfarth.de\/index.php\/wp-json\/wp\/v2\/types\/post"}],"author":[{"embeddable":true,"href":"http:\/\/archiv.tus-jahn-hilfarth.de\/index.php\/wp-json\/wp\/v2\/users\/1"}],"replies":[{"embeddable":true,"href":"http:\/\/archiv.tus-jahn-hilfarth.de\/index.php\/wp-json\/wp\/v2\/comments?post=8088"}],"version-history":[{"count":3,"href":"http:\/\/archiv.tus-jahn-hilfarth.de\/index.php\/wp-json\/wp\/v2\/posts\/8088\/revisions"}],"predecessor-version":[{"id":8092,"href":"http:\/\/archiv.tus-jahn-hilfarth.de\/index.php\/wp-json\/wp\/v2\/posts\/8088\/revisions\/8092"}],"wp:featuredmedia":[{"embeddable":true,"href":"http:\/\/archiv.tus-jahn-hilfarth.de\/index.php\/wp-json\/wp\/v2\/media\/8089"}],"wp:attachment":[{"href":"http:\/\/archiv.tus-jahn-hilfarth.de\/index.php\/wp-json\/wp\/v2\/media?parent=8088"}],"wp:term":[{"taxonomy":"category","embeddable":true,"href":"http:\/\/archiv.tus-jahn-hilfarth.de\/index.php\/wp-json\/wp\/v2\/categories?post=8088"},{"taxonomy":"post_tag","embeddable":true,"href":"http:\/\/archiv.tus-jahn-hilfarth.de\/index.php\/wp-json\/wp\/v2\/tags?post=8088"}],"curies":[{"name":"wp","href":"https:\/\/api.w.org\/{rel}","templated":true}]}}